{"id":4511,"date":"2022-07-07T19:58:09","date_gmt":"2022-07-07T17:58:09","guid":{"rendered":"https:\/\/vg-initiative.de\/?p=4511"},"modified":"2022-07-07T20:07:55","modified_gmt":"2022-07-07T18:07:55","slug":"vg-kulturfruehstueck-am-13-07-2022","status":"publish","type":"post","link":"https:\/\/vg-initiative.de\/?p=4511","title":{"rendered":"VG-Kulturfr\u00fchst\u00fcck am 13.07.2022"},"content":{"rendered":"<p>[et_pb_section fb_built=&#8220;1&#8243; admin_label=&#8220;section&#8220; _builder_version=&#8220;3.22&#8243;][et_pb_row admin_label=&#8220;row&#8220; _builder_version=&#8220;3.25&#8243; background_size=&#8220;initial&#8220; background_position=&#8220;top_left&#8220; background_repeat=&#8220;repeat&#8220;][et_pb_column type=&#8220;4_4&#8243; _builder_version=&#8220;3.25&#8243; custom_padding=&#8220;|||&#8220; custom_padding__hover=&#8220;|||&#8220;][et_pb_text admin_label=&#8220;Text&#8220; _builder_version=&#8220;3.26.6&#8243; text_text_align=&#8220;center&#8220; text_text_shadow_style=&#8220;preset2&#8243; text_text_shadow_color=&#8220;#000000&#8243; background_color=&#8220;#07a1e2&#8243; background_size=&#8220;initial&#8220; background_position=&#8220;top_left&#8220; background_repeat=&#8220;repeat&#8220; border_width_all=&#8220;20px&#8220; border_color_all=&#8220;#07a1e2&#8243;][\/et_pb_text][\/et_pb_column][\/et_pb_row][et_pb_row _builder_version=&#8220;3.26.6&#8243;][et_pb_column type=&#8220;4_4&#8243; _builder_version=&#8220;3.26.6&#8243;][et_pb_image src=&#8220;https:\/\/vg-initiative.de\/wp-content\/uploads\/2022\/06\/signal-2022-06-05-07-22-24-147-3.jpg&#8220; align=&#8220;center&#8220; _builder_version=&#8220;3.26.6&#8243; transform_scale=&#8220;104%|104%&#8220; width=&#8220;48%&#8220;][\/et_pb_image][\/et_pb_column][\/et_pb_row][et_pb_row admin_label=&#8220;row&#8220; _builder_version=&#8220;3.25&#8243; background_size=&#8220;initial&#8220; background_position=&#8220;top_left&#8220; background_repeat=&#8220;repeat&#8220;][et_pb_column type=&#8220;4_4&#8243; _builder_version=&#8220;3.25&#8243; custom_padding=&#8220;|||&#8220; custom_padding__hover=&#8220;|||&#8220;][et_pb_text admin_label=&#8220;Text&#8220; _builder_version=&#8220;3.26.6&#8243; background_size=&#8220;initial&#8220; background_position=&#8220;top_left&#8220; background_repeat=&#8220;repeat&#8220;]<\/p>\n<p class=\"tm8\"><span class=\"tm9\" style=\"font-family: inherit; font-weight: normal; font-size: xx-large;\"><\/span><\/p>\n<p>&nbsp;<\/p>\n<div class=\"page\" title=\"Page 1\">\n<div class=\"layoutArea\">\n<div class=\"column\">\n<p><span style=\"font-size: xx-large;\">Einladung zum VG Kulturfr\u00fchst\u00fcck<\/span><\/p>\n<p><span style=\"font-size: x-large;\">am Mittwoch 13.07.2022 um 10:00 Uhr in der Bistro-Bar CUP&amp;CINO, Georgstra\u00dfe 7, in Osnabr\u00fcck.<\/span><\/p>\n<\/div>\n<\/div>\n<\/div>\n<p>&nbsp;<\/p>\n<p>&nbsp;<\/p>\n<div class=\"page\" title=\"Page 1\">\n<div class=\"layoutArea\">\n<div class=\"column\">\n<div class=\"page\" title=\"Page 1\">\n<div class=\"layoutArea\">\n<div class=\"column\">\n<p><span>Lieber VG-Kreis,<\/span><\/p>\n<p><span>am Mittwoch 13.07. organisiert die VG-Initiative wieder ein Kulturfr\u00fchst\u00fcck. Sie sind herzlich eingeladen!<\/span><\/p>\n<p><span>Das Gespr\u00e4ch \u00fcber Reiseaktivit\u00e4ten bleibt weiterhin ein wichtiger Bestandteil. \u00dcber unsere vergangene Reise in die Kunsthalle Lingen k\u00f6nnen wir noch einmal einen kleinen Abriss geben. Au\u00dferdem sollen kulturelle Ereignisse ausgetauscht und Diskussionen angeregt werden. Alle G\u00e4ste sind eingeladen, sich aktiv daran zu beteiligen.<\/span><\/p>\n<p><span>Christa Loges Hans Peterse<\/span><\/p>\n<p><span><\/span><\/p>\n<p><span><\/span><\/p>\n<p><span><\/span><\/p>\n<p><span>Noch ein Hinweis zum Lokalwechsel.<br \/> Das Treffen am 08.06. wurde sehr gut besucht und so bekamen wir ein Raumproblem bei GundolfS. Wir hoffen nun, dass im CUP&amp;CINO durch die Raumgr\u00f6\u00dfe ein lebhafterer Austausch stattfinden kann.<\/span><\/p>\n<\/div>\n<\/div>\n<\/div>\n<\/div>\n<\/div>\n<\/div>\n<p>[\/et_pb_text][\/et_pb_column][\/et_pb_row][et_pb_row _builder_version=&#8220;3.26.6&#8243; min_height=&#8220;31px&#8220;][et_pb_column type=&#8220;4_4&#8243; _builder_version=&#8220;3.26.6&#8243;][et_pb_text _builder_version=&#8220;3.26.6&#8243;]<\/p>\n<p class=\"tm7\"><strong><span class=\"tm8\">Anmeldung<\/span><\/strong><strong><span class=\"tm8\">&nbsp;<\/span><\/strong><\/p>\n<p class=\"tm7\"><span class=\"tm9\">Eine Anmeldung f\u00fcr das Kulturfr\u00fchst\u00fcck ist nicht notwendig.<\/span><span class=\"tm9\">&nbsp;<\/span><\/p>\n<p class=\"tm7\"><span class=\"tm9\">Bringen Sie bitte eine FFP2-Maske mit!<\/span><\/p>\n<p>[\/et_pb_text][\/et_pb_column][\/et_pb_row][et_pb_row _builder_version=&#8220;3.26.6&#8243;][et_pb_column type=&#8220;4_4&#8243; _builder_version=&#8220;3.26.6&#8243;][et_pb_image src=&#8220;https:\/\/vg-initiative.de\/wp-content\/uploads\/2022\/07\/Image-2.jpg&#8220; _builder_version=&#8220;3.26.6&#8243;][\/et_pb_image][\/et_pb_column][\/et_pb_row][et_pb_row _builder_version=&#8220;3.26.6&#8243;][et_pb_column type=&#8220;4_4&#8243; _builder_version=&#8220;3.26.6&#8243;][et_pb_text _builder_version=&#8220;3.26.6&#8243;]<\/p>\n<div class=\"page\" title=\"Page 2\">\n<div class=\"layoutArea\">\n<div class=\"column\">\n<p><span>Copyright: Peggy Greb, USDA ARS (Wikimedia Commons)<\/span><\/p>\n<\/div>\n<\/div>\n<\/div>\n<p>[\/et_pb_text][\/et_pb_column][\/et_pb_row][et_pb_row _builder_version=&#8220;3.26.6&#8243;][et_pb_column type=&#8220;4_4&#8243; _builder_version=&#8220;3.26.6&#8243;][et_pb_divider _builder_version=&#8220;3.26.6&#8243;][\/et_pb_divider][\/et_pb_column][\/et_pb_row][et_pb_row _builder_version=&#8220;3.26.6&#8243;][et_pb_column type=&#8220;4_4&#8243; _builder_version=&#8220;3.26.6&#8243;][et_pb_text _builder_version=&#8220;3.26.6&#8243;]<\/p>\n<h1 class=\"tm7\"><span class=\"tm8\">K\u00fcnftige Veranstaltungen<\/span><\/h1>\n<p class=\"tm7\"><strong><span class=\"tm8\">&nbsp;<\/span><\/strong><\/p>\n<p>[\/et_pb_text][et_pb_image src=&#8220;https:\/\/vg-initiative.de\/wp-content\/uploads\/2022\/06\/Page-1.png&#8220; _builder_version=&#8220;3.26.6&#8243; width=&#8220;75%&#8220; module_alignment=&#8220;center&#8220;][\/et_pb_image][et_pb_text _builder_version=&#8220;3.26.6&#8243;]<\/p>\n<p class=\"tm7\"><strong><span class=\"tm8\"><\/span><\/strong><\/p>\n<p class=\"tm7\"><strong><span class=\"tm9\">* &nbsp;Die K\u00fcnstler Maria Huls und Klaus Gl\u00e4sker laden zu einer Ausstellung \u00fcber Skulpturen und Papierarbeiten ein. <\/span><\/strong><\/p>\n<p class=\"tm7\"><span class=\"tm9\">Die Ausstellung findet vom 18. Juni bis 10. Juli 2022, Sonnabend und Sonntag vom 13:00-18:00 Uhr und in der Woche nach rechtzeitiger telefonischer Vereinbarung statt. Anschrift: Maria Huls, Alte Schule, Dorfstra\u00dfe 19, 25899 Dageb\u00fcll, Tel. 04667-2739952.<\/span><\/p>\n<p class=\"tm7\"><span class=\"tm9\"><\/span><\/p>\n<p class=\"tm7\"><span class=\"tm9\"><\/span><\/p>\n<p class=\"tm7\"><span class=\"tm9\"><\/span><\/p>\n<p class=\"tm7\"><span class=\"tm9\"><\/span><\/p>\n<p>[\/et_pb_text][et_pb_image src=&#8220;https:\/\/vg-initiative.de\/wp-content\/uploads\/2022\/06\/7.-Mondriaan-Rastercompositie-nr-9-scaled.jpg&#8220; _builder_version=&#8220;3.26.6&#8243; width=&#8220;66%&#8220; module_alignment=&#8220;center&#8220;][\/et_pb_image][et_pb_text _builder_version=&#8220;3.26.6&#8243;]<\/p>\n<h6 style=\"text-align: center;\"><span>Piet Mondrian, Composition with grid no. 9, 1919. Kunstmuseum Den Haag<\/span><\/h6>\n<p>[\/et_pb_text][et_pb_text _builder_version=&#8220;3.26.6&#8243;]<\/p>\n<p class=\"tm7\"><span class=\"tm9\"><\/span><\/p>\n<p class=\"tm7\"><span class=\"tm9\"><\/span><\/p>\n<p class=\"tm7\"><strong><span class=\"tm9\">* &nbsp;Die VG-Initiative organisiert vom 13. &#8211; 15. September 2022 eine dreit\u00e4gige Exkursion nach Den Haag. <\/span><\/strong><\/p>\n<p class=\"tm7\"><span class=\"tm9\">Im Mittelpunkt der Exkursion steht die Ausstellung \u201eMondrian Moves\u201c im Kunstmuseum Den Haag. Kosten: ca. 250 bis 300 \u20ac. Gerne k\u00f6nnen Sie sich jetzt schon anmelden bei Hans Peterse, E-Mail: <\/span><u><a><span class=\"tm9\">peterse@vg-initiative.de<\/span><\/a><\/u><span class=\"tm9\">, Tel. 0541-22343.<\/span><\/p>\n<p>[\/et_pb_text][\/et_pb_column][\/et_pb_row][\/et_pb_section]<\/p>\n","protected":false},"excerpt":{"rendered":"<p>&nbsp; Einladung zum VG Kulturfr\u00fchst\u00fcck am Mittwoch 13.07.2022 um 10:00 Uhr in der Bistro-Bar CUP&amp;CINO, Georgstra\u00dfe 7, in Osnabr\u00fcck. &nbsp; &nbsp; Lieber VG-Kreis, am Mittwoch 13.07. organisiert die VG-Initiative wieder ein Kulturfr\u00fchst\u00fcck. Sie sind herzlich eingeladen! Das Gespr\u00e4ch \u00fcber Reiseaktivit\u00e4ten bleibt weiterhin ein wichtiger Bestandteil. \u00dcber unsere vergangene Reise in die Kunsthalle Lingen k\u00f6nnen wir [&hellip;]<\/p>\n","protected":false},"author":1,"featured_media":4516,"comment_status":"closed","ping_status":"open","sticky":false,"template":"","format":"standard","meta":{"_et_pb_use_builder":"on","_et_pb_old_content":"","_et_gb_content_width":"","footnotes":""},"categories":[1],"tags":[],"class_list":["post-4511","post","type-post","status-publish","format-standard","has-post-thumbnail","hentry","category-allgemein"],"_links":{"self":[{"href":"https:\/\/vg-initiative.de\/index.php?rest_route=\/wp\/v2\/posts\/4511"}],"collection":[{"href":"https:\/\/vg-initiative.de\/index.php?rest_route=\/wp\/v2\/posts"}],"about":[{"href":"https:\/\/vg-initiative.de\/index.php?rest_route=\/wp\/v2\/types\/post"}],"author":[{"embeddable":true,"href":"https:\/\/vg-initiative.de\/index.php?rest_route=\/wp\/v2\/users\/1"}],"replies":[{"embeddable":true,"href":"https:\/\/vg-initiative.de\/index.php?rest_route=%2Fwp%2Fv2%2Fcomments&post=4511"}],"version-history":[{"count":6,"href":"https:\/\/vg-initiative.de\/index.php?rest_route=\/wp\/v2\/posts\/4511\/revisions"}],"predecessor-version":[{"id":4519,"href":"https:\/\/vg-initiative.de\/index.php?rest_route=\/wp\/v2\/posts\/4511\/revisions\/4519"}],"wp:featuredmedia":[{"embeddable":true,"href":"https:\/\/vg-initiative.de\/index.php?rest_route=\/wp\/v2\/media\/4516"}],"wp:attachment":[{"href":"https:\/\/vg-initiative.de\/index.php?rest_route=%2Fwp%2Fv2%2Fmedia&parent=4511"}],"wp:term":[{"taxonomy":"category","embeddable":true,"href":"https:\/\/vg-initiative.de\/index.php?rest_route=%2Fwp%2Fv2%2Fcategories&post=4511"},{"taxonomy":"post_tag","embeddable":true,"href":"https:\/\/vg-initiative.de\/index.php?rest_route=%2Fwp%2Fv2%2Ftags&post=4511"}],"curies":[{"name":"wp","href":"https:\/\/api.w.org\/{rel}","templated":true}]}}