{"id":4521,"date":"2022-07-10T10:11:02","date_gmt":"2022-07-10T08:11:02","guid":{"rendered":"https:\/\/vg-initiative.de\/?p=4521"},"modified":"2022-07-10T10:11:04","modified_gmt":"2022-07-10T08:11:04","slug":"vg-einladung-zur-ausstellung-i-am-milli-am-13-07-22","status":"publish","type":"post","link":"https:\/\/vg-initiative.de\/?p=4521","title":{"rendered":"VG-Einladung zur Ausstellung I AM MILLI am 13.07.22"},"content":{"rendered":"<p>[et_pb_section fb_built=&#8220;1&#8243; admin_label=&#8220;section&#8220; _builder_version=&#8220;3.22&#8243;][et_pb_row admin_label=&#8220;row&#8220; _builder_version=&#8220;3.25&#8243; background_size=&#8220;initial&#8220; background_position=&#8220;top_left&#8220; background_repeat=&#8220;repeat&#8220;][et_pb_column type=&#8220;4_4&#8243; _builder_version=&#8220;3.25&#8243; custom_padding=&#8220;|||&#8220; custom_padding__hover=&#8220;|||&#8220;][et_pb_text admin_label=&#8220;Text&#8220; _builder_version=&#8220;3.26.6&#8243; text_text_align=&#8220;center&#8220; text_text_shadow_style=&#8220;preset2&#8243; text_text_shadow_color=&#8220;#000000&#8243; background_color=&#8220;#07a1e2&#8243; background_size=&#8220;initial&#8220; background_position=&#8220;top_left&#8220; background_repeat=&#8220;repeat&#8220; border_width_all=&#8220;20px&#8220; border_color_all=&#8220;#07a1e2&#8243;][\/et_pb_text][et_pb_text _builder_version=&#8220;3.26.6&#8243;]<\/p>\n<div class=\"page\" title=\"Page 1\">\n<div class=\"layoutArea\">\n<div class=\"column\">\n<h1><span>Einladung zur Ausstellung I AM MILLI<\/span><\/h1>\n<p><span><\/span><\/p>\n<h3><span>am Mittwoch 13.07.2022 von 16:30 bis 17:30 Uhr in hase29, Hasestra\u00dfe 29\/30, 49074 Osnabr\u00fcck.<\/span><\/h3>\n<p><span><\/span><\/p>\n<p><span><\/span><\/p>\n<p><span><\/span><\/p>\n<p><span>Elisabeth Lumme l\u00e4dt die VG-Initiative zu einer F\u00fchrung durch die Ausstellung ein. Auch wer sonst Interesse hat, darf vorbeischauen.<\/span><\/p>\n<p><span><\/span><\/p>\n<p><span>I AM MILLI ist eine Gruppenausstellung von elf K\u00fcnstlerinnen, die sich mit dem Thema Schwarzen Feminismus befassen. Alle K\u00fcnstlerinnen sind <\/span><span>\u201e<\/span><span>People of Color<\/span><span>\u201c<\/span><span>, die ihren Lebensmittelpunkt im deutschsprachigen Raum haben. Die Ausstellung setzt sich mit Schwarzer Geschichte, Gegenwart und Zukunft auseinander. Natasha A. Kelly hat die Ausstellung kuratiert.<\/span><\/p>\n<p><span><\/span><\/p>\n<p><span>Der Titel der Ausstellung bezieht sich auf das Schwarze Modell des expressionistischen Malers Ernst Ludwig Kirchner, das namentlich als <\/span><span>\u201e<\/span><span>Milli<\/span><span>\u201c <\/span><span>bekannt wurde.<\/span><\/p>\n<p><span><\/span><\/p>\n<p><span>*Der Text ist dem Faltblatt der Ausstellung entnommen.<\/span><\/p>\n<p><span><\/span><\/p>\n<p><span><br \/>\n<\/span><span>Sie sind herzlich eingeladen! Ohne Anmeldung!<\/span><\/p>\n<\/div>\n<\/div>\n<\/div>\n<p>[\/et_pb_text][\/et_pb_column][\/et_pb_row][et_pb_row _builder_version=&#8220;3.26.6&#8243;][et_pb_column type=&#8220;4_4&#8243; _builder_version=&#8220;3.26.6&#8243;][et_pb_divider _builder_version=&#8220;3.26.6&#8243;][\/et_pb_divider][\/et_pb_column][\/et_pb_row][et_pb_row _builder_version=&#8220;3.26.6&#8243;][et_pb_column type=&#8220;4_4&#8243; _builder_version=&#8220;3.26.6&#8243;][et_pb_image src=&#8220;https:\/\/vg-initiative.de\/wp-content\/uploads\/2022\/07\/Image-2-1.jpg&#8220; _builder_version=&#8220;3.26.6&#8243; align=&#8220;center&#8220;][\/et_pb_image][et_pb_text _builder_version=&#8220;3.26.6&#8243; ul_text_align=&#8220;center&#8220;]<\/p>\n<p style=\"text-align: center;\">Copyright: Hase29<\/p>\n<p>[\/et_pb_text][\/et_pb_column][\/et_pb_row][et_pb_row _builder_version=&#8220;3.26.6&#8243;][et_pb_column type=&#8220;4_4&#8243; _builder_version=&#8220;3.26.6&#8243;][et_pb_text _builder_version=&#8220;3.26.6&#8243; text_text_align=&#8220;center&#8220; text_text_color=&#8220;#ffffff&#8220; text_text_shadow_style=&#8220;preset5&#8243; text_text_shadow_color=&#8220;#000000&#8243; background_color=&#8220;#07a1e2&#8243; border_width_all=&#8220;20px&#8220; border_color_all=&#8220;#07a1e2&#8243;]<\/p>\n<h1><span style=\"color: #ffffff;\"><strong>&#8230;<\/strong><\/span><\/h1>\n<p>[\/et_pb_text][\/et_pb_column][\/et_pb_row][\/et_pb_section]<\/p>\n","protected":false},"excerpt":{"rendered":"<p>Einladung zur Ausstellung I AM MILLI am Mittwoch 13.07.2022 von 16:30 bis 17:30 Uhr in hase29, Hasestra\u00dfe 29\/30, 49074 Osnabr\u00fcck. Elisabeth Lumme l\u00e4dt die VG-Initiative zu einer F\u00fchrung durch die Ausstellung ein. Auch wer sonst Interesse hat, darf vorbeischauen. I AM MILLI ist eine Gruppenausstellung von elf K\u00fcnstlerinnen, die sich mit dem Thema Schwarzen Feminismus [&hellip;]<\/p>\n","protected":false},"author":1,"featured_media":4520,"comment_status":"closed","ping_status":"open","sticky":false,"template":"","format":"standard","meta":{"_et_pb_use_builder":"on","_et_pb_old_content":"","_et_gb_content_width":"","footnotes":""},"categories":[1],"tags":[],"class_list":["post-4521","post","type-post","status-publish","format-standard","has-post-thumbnail","hentry","category-allgemein"],"_links":{"self":[{"href":"https:\/\/vg-initiative.de\/index.php?rest_route=\/wp\/v2\/posts\/4521"}],"collection":[{"href":"https:\/\/vg-initiative.de\/index.php?rest_route=\/wp\/v2\/posts"}],"about":[{"href":"https:\/\/vg-initiative.de\/index.php?rest_route=\/wp\/v2\/types\/post"}],"author":[{"embeddable":true,"href":"https:\/\/vg-initiative.de\/index.php?rest_route=\/wp\/v2\/users\/1"}],"replies":[{"embeddable":true,"href":"https:\/\/vg-initiative.de\/index.php?rest_route=%2Fwp%2Fv2%2Fcomments&post=4521"}],"version-history":[{"count":3,"href":"https:\/\/vg-initiative.de\/index.php?rest_route=\/wp\/v2\/posts\/4521\/revisions"}],"predecessor-version":[{"id":4525,"href":"https:\/\/vg-initiative.de\/index.php?rest_route=\/wp\/v2\/posts\/4521\/revisions\/4525"}],"wp:featuredmedia":[{"embeddable":true,"href":"https:\/\/vg-initiative.de\/index.php?rest_route=\/wp\/v2\/media\/4520"}],"wp:attachment":[{"href":"https:\/\/vg-initiative.de\/index.php?rest_route=%2Fwp%2Fv2%2Fmedia&parent=4521"}],"wp:term":[{"taxonomy":"category","embeddable":true,"href":"https:\/\/vg-initiative.de\/index.php?rest_route=%2Fwp%2Fv2%2Fcategories&post=4521"},{"taxonomy":"post_tag","embeddable":true,"href":"https:\/\/vg-initiative.de\/index.php?rest_route=%2Fwp%2Fv2%2Ftags&post=4521"}],"curies":[{"name":"wp","href":"https:\/\/api.w.org\/{rel}","templated":true}]}}