{"id":4531,"date":"2022-07-12T16:21:58","date_gmt":"2022-07-12T14:21:58","guid":{"rendered":"https:\/\/vg-initiative.de\/?p=4531"},"modified":"2022-07-12T16:21:59","modified_gmt":"2022-07-12T14:21:59","slug":"vg-exkursionsreise-nach-den-haag-zur-ausstellung-mondrian-moves-vom-13-bis-15-09-22","status":"publish","type":"post","link":"https:\/\/vg-initiative.de\/?p=4531","title":{"rendered":"VG-Exkursionsreise nach Den Haag zur Ausstellung &#8222;Mondrian Moves&#8220; vom 13. bis 15.09.22"},"content":{"rendered":"<p>[et_pb_section fb_built=&#8220;1&#8243; admin_label=&#8220;section&#8220; _builder_version=&#8220;3.22&#8243;][et_pb_row admin_label=&#8220;row&#8220; _builder_version=&#8220;3.25&#8243; background_size=&#8220;initial&#8220; background_position=&#8220;top_left&#8220; background_repeat=&#8220;repeat&#8220;][et_pb_column type=&#8220;4_4&#8243; _builder_version=&#8220;3.25&#8243; custom_padding=&#8220;|||&#8220; custom_padding__hover=&#8220;|||&#8220;][et_pb_text admin_label=&#8220;Text&#8220; _builder_version=&#8220;3.26.6&#8243; text_text_align=&#8220;center&#8220; text_text_shadow_style=&#8220;preset2&#8243; text_text_shadow_color=&#8220;#000000&#8243; background_color=&#8220;#07a1e2&#8243; background_size=&#8220;initial&#8220; background_position=&#8220;top_left&#8220; background_repeat=&#8220;repeat&#8220; border_width_all=&#8220;20px&#8220; border_color_all=&#8220;#07a1e2&#8243;][\/et_pb_text][et_pb_image src=&#8220;https:\/\/vg-initiative.de\/wp-content\/uploads\/2022\/07\/Image-2-2.jpg&#8220; _builder_version=&#8220;3.26.6&#8243;][\/et_pb_image][et_pb_text _builder_version=&#8220;3.26.6&#8243;]<\/p>\n<div class=\"page\" title=\"Page 2\">\n<div class=\"layoutArea\">\n<div class=\"column\">\n<h6 style=\"text-align: center;\"><span>Kunstmuseum (fr\u00fcher: Gemeentemuseum) Den Haag Copyright: Till Niermann CC BY 3.0 (Wikimedia Commons)<\/span><\/h6>\n<\/div>\n<\/div>\n<\/div>\n<p>[\/et_pb_text][\/et_pb_column][\/et_pb_row][et_pb_row admin_label=&#8220;row&#8220; _builder_version=&#8220;3.25&#8243; background_size=&#8220;initial&#8220; background_position=&#8220;top_left&#8220; background_repeat=&#8220;repeat&#8220; min_height=&#8220;1363px&#8220;][et_pb_column type=&#8220;4_4&#8243; _builder_version=&#8220;3.25&#8243; custom_padding=&#8220;|||&#8220; custom_padding__hover=&#8220;|||&#8220;][et_pb_text admin_label=&#8220;Text&#8220; _builder_version=&#8220;3.26.6&#8243; background_size=&#8220;initial&#8220; background_position=&#8220;top_left&#8220; background_repeat=&#8220;repeat&#8220;]<\/p>\n<div class=\"page\" title=\"Page 1\">\n<div class=\"layoutArea\">\n<div class=\"column\">\n<h1><span>Einladung zur Exkursionsreise der VG-Initiative nach Den Haag<\/span><\/h1>\n<p><span><\/span><\/p>\n<h1><span>Dienstag 13. September <\/span><span>\u2013 <\/span><span>Donnerstag 15. September 2022<\/span><\/h1>\n<p><span><\/span><\/p>\n<h1><span>zur Ausstellung \u201eMondrian Moves\u201c im Kunstmuseum Den <\/span><span>Haag<\/span><\/h1>\n<p><span><\/span><\/p>\n<p><span><\/span><\/p>\n<p><span><\/span><\/p>\n<p><span><\/span><\/p>\n<\/div>\n<\/div>\n<\/div>\n<p><span class=\"tm11\"><\/span><\/p>\n<div class=\"page\" title=\"Page 1\">\n<div class=\"layoutArea\">\n<div class=\"column\">\n<p><span>Tag 1: Bahnfahrt von Osnabr\u00fcck nach Utrecht. Besuch des Rietveld- Schr\u00f6der-Hauses. Weiterfahrt nach Den Haag.<\/span><\/p>\n<p><span>Tag 2: Besuch der Ausstellung \u201eMondrian Moves\u201c im Kunstmuseum.<\/span><\/p>\n<p><span>Tag 3: Besuch des M.C. Escher-Museum in Den Haag. R\u00fcckfahrt nach Osnabr\u00fcck.<\/span><\/p>\n<\/div>\n<\/div>\n<\/div>\n<p>[\/et_pb_text][et_pb_divider _builder_version=&#8220;3.26.6&#8243;][\/et_pb_divider][et_pb_text _builder_version=&#8220;3.26.6&#8243;]<\/p>\n<div class=\"page\" title=\"Page 3\">\n<div class=\"layoutArea\">\n<div class=\"column\">\n<p><span>Kosten: ca. 300 \u20ac inklusive \u00dcbernachtungen und F\u00fchrungen <\/span><span>(exklusive Bahnfahrt).<\/span><\/p>\n<p><span>Anmeldung: Wir bitten um eine verbindliche Anmeldung bei Hans Peterse, <\/span><span>peterse@vg-initiative.de <\/span><span>oder 0541-22343 bis zum Freitag 22. Juli 2022. <\/span><\/p>\n<p><span><\/span><\/p>\n<p><span>Max. Teilnehmerzahl: 20. Wenn wir den Umfang der Gruppe wissen, reservieren wir Hotelzimmer in Den Haag und folgen auch weitere Infos zum Programm.<\/span><\/p>\n<p><span><\/span><\/p>\n<p><span><\/span><\/p>\n<p><span>Organisation:<\/span><\/p>\n<p><span>Anni Helms <\/span><\/p>\n<p><span>Hans Peterse<\/span><\/p>\n<\/div>\n<\/div>\n<\/div>\n<p>[\/et_pb_text][et_pb_text _builder_version=&#8220;3.26.6&#8243; custom_padding=&#8220;3px|||||&#8220;][\/et_pb_text][et_pb_divider _builder_version=&#8220;3.26.6&#8243;][\/et_pb_divider][et_pb_image src=&#8220;https:\/\/vg-initiative.de\/wp-content\/uploads\/2022\/07\/Neoplasticism-Mondrian_0.png&#8220; _builder_version=&#8220;3.26.6&#8243; width=&#8220;71%&#8220; module_alignment=&#8220;center&#8220;][\/et_pb_image][et_pb_text _builder_version=&#8220;3.26.6&#8243;]<\/p>\n<p><strong>2. April 2022 &#8211; 25. September 2022<\/strong><\/p>\n<p>In diesem Jahr sind es 150 Jahre seit der Geburt eines der gr\u00f6\u00dften K\u00fcnstler des 20. Jahrhunderts, Piet Mondrian (1872-1944). Das Kunstmuseum Den Haag, dessen Mondrian-Sammlung mit einer Fl\u00e4che von \u00fcber 300 St\u00fccken die gr\u00f6\u00dfte der Welt ist, kann dies nicht unbemerkt passieren lassen. Im Jahr 2017 zeigte das Museum alle Mondrianer in seiner Sammlung zum ersten Mal in einer gro\u00dfen Retrospektive. Anl\u00e4sslich des diesj\u00e4hrigen Jubil\u00e4ums haben Benno Tempel und der Kurator Caro Verbeek eine Ausstellung geschaffen, die Mondrians inspirierende Beziehungen zu Freunden und K\u00fcnstlerkollegen seiner Zeit und seine Rolle als Inspirationsquelle f\u00fcr viele K\u00fcnstler, die nach ihm kamen, untersucht.<\/p>\n<p>Die Mondrian-Sammlung des Kunstmuseum Den Haag erstreckt sich \u00fcber seine gesamte Entwicklung als K\u00fcnstler und erm\u00f6glicht es uns, seinen Weg zur Abstraktion im Detail zu verfolgen. Mondrian \u00e4nderte seinen Stil oft dramatisch und tauschte seine fr\u00fchen dunklen Landschaften gegen die \u00fcberschw\u00e4nglichen Kompositionen von De Stijl und den neoplastischen Stil, an dessen Entwicklung er mitwirkte. Victory Boogie Woogie &#8211; Mondrians letztes Gem\u00e4lde und ein H\u00f6hepunkt seines Werks &#8211; wird in dieser Ausstellung als gro\u00dfes Finale und auch als Ausgangspunkt f\u00fcr Nachkriegs- und abstrakte Kunst pr\u00e4sentiert.<\/p>\n<p>Seit den 1970er Jahren hat die Mondrersammlung des Kunstmuseum Den Haag weitgehend seine Akquisitionspolitik und -methode beeinflusst sowie dar\u00fcber, wie das Museum seine eigene Sammlung und zeitgen\u00f6ssische Kunst im Allgemeinen betrachtet. Im Laufe der Jahre hat das Museum Werke von einer Reihe von K\u00fcnstlern gekauft, die eine gewisse Verbindung zu Mondrian empfinden, darunter Bridget Riley, Fred Sandback, Rob van Koningsbruggen, Bob Bonies, Isa Genzken und Remy Jungerman. Die Macher dieser Ausstellung stellen die Frage, was die Verwaltung einer so wichtigen und inspirierenden Sammlung f\u00fcr ein Museum bedeutet. Mondrian Moves wird den Besuchern diese Perspektive vorstellen und sie gleichzeitig einladen, Verbindungen selbst zu identifizieren.<\/p>\n<p><strong>Musik und Bewegung<\/strong><\/p>\n<p>Die Ausstellung wird sich auch bestimmte einzigartige Aspekte und Geschichten \u00fcber Mondrians Kunst und Leben genauer ansehen. Er war zum Beispiel offen in seinen Ansichten \u00fcber Musik (einschlie\u00dflich elektronischer Musik) und Bewegung. Die Musiker Steven Brunsmann und Marco Spaventi haben ein Techno-St\u00fcck speziell f\u00fcr das Museum komponiert, das auf Mondrians Ideen basiert. Die Besucher k\u00f6nnen es auf der Ausstellung h\u00f6ren. Die Ausstellung wird auch Werke von K\u00fcnstlern wie Iris Kensmil und Patricia Kaersenhout zeigen, die eine gewisse k\u00fcnstlerische Verwandtschaft mit Mondrian zeigen, obwohl sie keine direkte Verbindung zu ihm haben. Sein Kontakt zu den K\u00fcnstlern Jacoba van Heemskerck, Theo van Doesburg, Alexander Calder und Josephine Baker wird ebenfalls ber\u00fccksichtigt.<\/p>\n<p>Mondrians Ideen beschr\u00e4nkten sich, wie wir gesagt haben, nicht auf die visuelle, sondern umfassten auch die Musik. Auf Einladung des Kunstmuseums Den Haag haben Birgit Sijbrands und Anh Ngo von IFF etwas Einzigartiges geschaffen, das einen anderen unserer Sinne anspricht. Inspiriert vom Rhythmus und der Dynamik von Victory Boogie Woogie haben sie einen Duft erzeugt, den Besucher in den R\u00e4umen unserer Dauerausstellung Mondrian &amp; De Stijl probieren k\u00f6nnen. Die Ausstellung wird auch die Ger\u00fcche von Mondrians Studios in Amsterdam, Paris und New York zeigen.<\/p>\n<p><strong>Mondrian und Kunstmuseum Den Haag<\/strong><\/p>\n<p>Das Kunstmuseum Den Haag beherbergt dank einer Reihe von Menschen eine so gro\u00dfe Sammlung von Mondrianern. Die treibende Kraft hinter der Sammlung war Louis Wijsenbeek, Direktor des Museums von 1951 bis 1974. Unter seiner inspirierten F\u00fchrung kaufte das Museum eine Reihe von f\u00fchrenden Werken. K\u00fcnstler J.H. Gosschalk und Mondrians Kindheitsfreund Albert van den Briel spendeten ebenfalls eine Reihe wichtiger St\u00fccke. Das Highlight war die Schenkung von fast 200 Gegenst\u00e4nden des G\u00f6nners und Sammlers Salomon B. im Jahr 1971. Slijper, der auch Mondrians Freund war. Der Erwerb dieser einzigartigen Sammlung brachte Den Haag als Heimat von Piet Mondrians Werk auf die internationale Landkarte. 1998 \u00fcbergab der niederl\u00e4ndische Staat Mondrians ber\u00fchmtes letztes Gem\u00e4lde, Victory Boogie Woogie, auf ewig an das Kunstmuseum Den Haag ausgeliehen. Die Mondrian-Sammlung des Museums repr\u00e4sentiert somit jede Phase seiner beeindruckenden k\u00fcnstlerischen Entwicklung, von den fr\u00fchen Landschaften \u00fcber die Abstraktion bis hin zu seinem letzten Meisterwerk, gemalt in einem radikalen neuen Rhythmus, der von der Stadt New York inspiriert ist.<\/p>\n<p><strong>Ver\u00f6ffentlichungen<\/strong><\/p>\n<p>Piet Mondrian &#8211; der Mann, der alles ver\u00e4ndert hat, das Buch, das 2017 zur gro\u00dfen Pr\u00e4sentation der Mondrian-Sammlung des Kunstmusem Den Haag ver\u00f6ffentlicht wurde, soll im Zusammenhang mit Mondrian Moves neu aufgelegt werden. Das Buch, das Mondrians Leben und Werk auf der Grundlage der Sammlung des Museums nachzeichnet, wurde von Hans Janssen, Benno Tempel und Lieke Wijnia geschrieben. Erh\u00e4ltlich auf Niederl\u00e4ndisch, Englisch und Deutsch.<\/p>\n<p>Wenn Sie mehr \u00fcber den Mann hinter dem K\u00fcnstler erfahren m\u00f6chten, probieren Sie Hans Janssens Biografie Piet Mondriaan &#8211; Een nieuwe kunst voor een ongekend leven aus dem Jahr 2016 aus, in der er tats\u00e4chliche Ereignisse rekonstruiert, die Mondrian, den Mann und den K\u00fcnstler, zum Leben erwecken. Jetzt auch auf Englisch erh\u00e4ltlich (Piet Mondrian: A Life)!<\/p>\n<p><span style=\"font-size: small;\"><em>Pressetext des Kunstmuseum Den Haag &#8211; \u00fcbersetzt durch Google<\/em><\/span><\/p>\n<p>&nbsp;<\/p>\n<p>[\/et_pb_text][\/et_pb_column][\/et_pb_row][et_pb_row _builder_version=&#8220;3.26.6&#8243;][et_pb_column type=&#8220;4_4&#8243; _builder_version=&#8220;3.26.6&#8243;][et_pb_divider _builder_version=&#8220;3.26.6&#8243;][\/et_pb_divider][\/et_pb_column][\/et_pb_row][et_pb_row _builder_version=&#8220;3.26.6&#8243;][et_pb_column type=&#8220;4_4&#8243; _builder_version=&#8220;3.26.6&#8243;][et_pb_text _builder_version=&#8220;3.26.6&#8243; text_text_align=&#8220;center&#8220; text_text_color=&#8220;#ffffff&#8220; text_text_shadow_style=&#8220;preset5&#8243; text_text_shadow_color=&#8220;#000000&#8243; background_color=&#8220;#07a1e2&#8243; border_width_all=&#8220;20px&#8220; border_color_all=&#8220;#07a1e2&#8243;]<\/p>\n<h1><span style=\"color: #ffffff;\"><strong>Anmeldung<\/strong><\/span><\/h1>\n<p>[\/et_pb_text][\/et_pb_column][\/et_pb_row][et_pb_row _builder_version=&#8220;3.26.6&#8243;][et_pb_column type=&#8220;4_4&#8243; _builder_version=&#8220;3.26.6&#8243;][et_pb_text _builder_version=&#8220;3.26.6&#8243;]<\/p>\n<p class=\"tm10\"><span>Anmeldung: Wir bitten um eine verbindliche Anmeldung bei Hans Peterse, <\/span><span>peterse@vg-initiative.de <\/span><span>oder 0541-22343 bis zum Freitag 22. Juli 2022.<\/span><\/p>\n<p>[\/et_pb_text][\/et_pb_column][\/et_pb_row][\/et_pb_section]<\/p>\n","protected":false},"excerpt":{"rendered":"<p>Kunstmuseum (fr\u00fcher: Gemeentemuseum) Den Haag Copyright: Till Niermann CC BY 3.0 (Wikimedia Commons) Einladung zur Exkursionsreise der VG-Initiative nach Den Haag Dienstag 13. September \u2013 Donnerstag 15. September 2022 zur Ausstellung \u201eMondrian Moves\u201c im Kunstmuseum Den Haag Tag 1: Bahnfahrt von Osnabr\u00fcck nach Utrecht. Besuch des Rietveld- Schr\u00f6der-Hauses. Weiterfahrt nach Den Haag. Tag 2: Besuch [&hellip;]<\/p>\n","protected":false},"author":1,"featured_media":4530,"comment_status":"closed","ping_status":"open","sticky":false,"template":"","format":"standard","meta":{"_et_pb_use_builder":"on","_et_pb_old_content":"","_et_gb_content_width":"","footnotes":""},"categories":[1],"tags":[],"class_list":["post-4531","post","type-post","status-publish","format-standard","has-post-thumbnail","hentry","category-allgemein"],"_links":{"self":[{"href":"https:\/\/vg-initiative.de\/index.php?rest_route=\/wp\/v2\/posts\/4531"}],"collection":[{"href":"https:\/\/vg-initiative.de\/index.php?rest_route=\/wp\/v2\/posts"}],"about":[{"href":"https:\/\/vg-initiative.de\/index.php?rest_route=\/wp\/v2\/types\/post"}],"author":[{"embeddable":true,"href":"https:\/\/vg-initiative.de\/index.php?rest_route=\/wp\/v2\/users\/1"}],"replies":[{"embeddable":true,"href":"https:\/\/vg-initiative.de\/index.php?rest_route=%2Fwp%2Fv2%2Fcomments&post=4531"}],"version-history":[{"count":7,"href":"https:\/\/vg-initiative.de\/index.php?rest_route=\/wp\/v2\/posts\/4531\/revisions"}],"predecessor-version":[{"id":4542,"href":"https:\/\/vg-initiative.de\/index.php?rest_route=\/wp\/v2\/posts\/4531\/revisions\/4542"}],"wp:featuredmedia":[{"embeddable":true,"href":"https:\/\/vg-initiative.de\/index.php?rest_route=\/wp\/v2\/media\/4530"}],"wp:attachment":[{"href":"https:\/\/vg-initiative.de\/index.php?rest_route=%2Fwp%2Fv2%2Fmedia&parent=4531"}],"wp:term":[{"taxonomy":"category","embeddable":true,"href":"https:\/\/vg-initiative.de\/index.php?rest_route=%2Fwp%2Fv2%2Fcategories&post=4531"},{"taxonomy":"post_tag","embeddable":true,"href":"https:\/\/vg-initiative.de\/index.php?rest_route=%2Fwp%2Fv2%2Ftags&post=4531"}],"curies":[{"name":"wp","href":"https:\/\/api.w.org\/{rel}","templated":true}]}}