{"id":4794,"date":"2022-12-04T16:29:49","date_gmt":"2022-12-04T15:29:49","guid":{"rendered":"https:\/\/vg-initiative.de\/?p=4794"},"modified":"2022-12-04T16:37:38","modified_gmt":"2022-12-04T15:37:38","slug":"vg-symposium-eindruecke-des-zweiten-tages","status":"publish","type":"post","link":"https:\/\/vg-initiative.de\/?p=4794","title":{"rendered":"VG-Symposium &#8211; Eindr\u00fccke des zweiten Tages"},"content":{"rendered":"<p>[et_pb_section fb_built=&#8220;1&#8243; admin_label=&#8220;section&#8220; _builder_version=&#8220;3.22&#8243;][et_pb_row admin_label=&#8220;row&#8220; _builder_version=&#8220;3.25&#8243; background_size=&#8220;initial&#8220; background_position=&#8220;top_left&#8220; background_repeat=&#8220;repeat&#8220;][et_pb_column type=&#8220;4_4&#8243; _builder_version=&#8220;3.25&#8243; custom_padding=&#8220;|||&#8220; custom_padding__hover=&#8220;|||&#8220;][et_pb_text admin_label=&#8220;Text&#8220; _builder_version=&#8220;3.26.6&#8243; text_text_align=&#8220;center&#8220; text_text_shadow_style=&#8220;preset2&#8243; text_text_shadow_color=&#8220;#000000&#8243; background_color=&#8220;#07a1e2&#8243; background_size=&#8220;initial&#8220; background_position=&#8220;top_left&#8220; background_repeat=&#8220;repeat&#8220; border_width_all=&#8220;20px&#8220; border_color_all=&#8220;#07a1e2&#8243;][\/et_pb_text][\/et_pb_column][\/et_pb_row][et_pb_row admin_label=&#8220;row&#8220; _builder_version=&#8220;3.25&#8243; background_size=&#8220;initial&#8220; background_position=&#8220;top_left&#8220; background_repeat=&#8220;repeat&#8220; min_height=&#8220;1363px&#8220; custom_margin=&#8220;|auto|-232px|auto||&#8220;][et_pb_column type=&#8220;4_4&#8243; _builder_version=&#8220;3.25&#8243; custom_padding=&#8220;|||&#8220; custom_padding__hover=&#8220;|||&#8220;][et_pb_text admin_label=&#8220;Text&#8220; _builder_version=&#8220;3.26.6&#8243; background_size=&#8220;initial&#8220; background_position=&#8220;top_left&#8220; background_repeat=&#8220;repeat&#8220;]<\/p>\n<div class=\"page\" title=\"Page 1\">\n<div class=\"layoutArea\">\n<div class=\"column\">\n<h2>Bildende &nbsp;Kunst im Kontext.<br \/>\nFriedrich Vordemberge-Gildewart (1899-1962)<\/p>\n<p>Symposium am 2. und 3.12.2022<br \/>\nim Felix Nussbaum-Haus<\/h2>\n<\/div>\n<\/div>\n<\/div>\n<p><span class=\"tm11\"><\/span><\/p>\n<p><span class=\"tm11\"><\/span><\/p>\n<p>&nbsp;[\/et_pb_text][et_pb_divider _builder_version=&#8220;3.26.6&#8243;][\/et_pb_divider][et_pb_image src=&#8220;https:\/\/vg-initiative.de\/wp-content\/uploads\/2022\/12\/IMG_1424-scaled.jpg&#8220; _builder_version=&#8220;3.26.6&#8243;][\/et_pb_image][et_pb_text _builder_version=&#8220;3.26.6&#8243;]<\/p>\n<p>Er\u00f6ffnung des zweiten Tages durch Dr. Hans Peterse<\/p>\n<p>[\/et_pb_text][et_pb_image src=&#8220;https:\/\/vg-initiative.de\/wp-content\/uploads\/2022\/12\/IMG_1426-scaled.jpg&#8220; _builder_version=&#8220;3.26.6&#8243;][\/et_pb_image][et_pb_text _builder_version=&#8220;3.26.6&#8243;]<\/p>\n<p>Dr. Gabriele Vossgr\u00f6ne: Das Elternhaus des K\u00fcnstlers Friedrich Vordembege-Gildewart<\/p>\n<p>[\/et_pb_text][et_pb_image src=&#8220;https:\/\/vg-initiative.de\/wp-content\/uploads\/2022\/12\/IMG_1430-scaled.jpg&#8220; _builder_version=&#8220;3.26.6&#8243;][\/et_pb_image][et_pb_image src=&#8220;https:\/\/vg-initiative.de\/wp-content\/uploads\/2022\/12\/IMG_1421-scaled.jpg&#8220; _builder_version=&#8220;3.26.6&#8243;][\/et_pb_image][et_pb_text _builder_version=&#8220;3.26.6&#8243;]<\/p>\n<p>Prtof. Dr. Raimund Beckmann auf dem &#8222;Ulmer Hocker&#8220; sitzend<\/p>\n<p>[\/et_pb_text][et_pb_text _builder_version=&#8220;3.26.6&#8243; custom_padding=&#8220;3px|||||&#8220;][\/et_pb_text][et_pb_divider _builder_version=&#8220;3.26.6&#8243;][\/et_pb_divider][et_pb_image src=&#8220;https:\/\/vg-initiative.de\/wp-content\/uploads\/2022\/12\/IMG_1419-scaled.jpg&#8220; _builder_version=&#8220;3.26.6&#8243;][\/et_pb_image][\/et_pb_column][\/et_pb_row][et_pb_row _builder_version=&#8220;3.26.6&#8243; custom_padding=&#8220;0px|||||&#8220;][et_pb_column type=&#8220;4_4&#8243; _builder_version=&#8220;3.26.6&#8243;][et_pb_divider _builder_version=&#8220;3.26.6&#8243;][\/et_pb_divider][\/et_pb_column][\/et_pb_row][et_pb_row _builder_version=&#8220;3.26.6&#8243;][et_pb_column type=&#8220;4_4&#8243; _builder_version=&#8220;3.26.6&#8243;][et_pb_button button_url=&#8220;https:\/\/vg-initiative.de\/wp-content\/uploads\/2022\/12\/VG_Symposium_2022_Flyer_08.pdf&#8220; button_text=&#8220;Das Programm:&#8220; button_alignment=&#8220;center&#8220; _builder_version=&#8220;3.26.6&#8243;][\/et_pb_button][\/et_pb_column][\/et_pb_row][\/et_pb_section]<\/p>\n","protected":false},"excerpt":{"rendered":"<p>Bildende &nbsp;Kunst im Kontext. Friedrich Vordemberge-Gildewart (1899-1962) Symposium am 2. und 3.12.2022 im Felix Nussbaum-Haus &nbsp;Er\u00f6ffnung des zweiten Tages durch Dr. Hans PeterseDr. Gabriele Vossgr\u00f6ne: Das Elternhaus des K\u00fcnstlers Friedrich Vordembege-GildewartPrtof. Dr. Raimund Beckmann auf dem &#8222;Ulmer Hocker&#8220; sitzend<\/p>\n","protected":false},"author":1,"featured_media":4764,"comment_status":"closed","ping_status":"open","sticky":false,"template":"","format":"standard","meta":{"_et_pb_use_builder":"on","_et_pb_old_content":"","_et_gb_content_width":"","footnotes":""},"categories":[1],"tags":[],"class_list":["post-4794","post","type-post","status-publish","format-standard","has-post-thumbnail","hentry","category-allgemein"],"_links":{"self":[{"href":"https:\/\/vg-initiative.de\/index.php?rest_route=\/wp\/v2\/posts\/4794"}],"collection":[{"href":"https:\/\/vg-initiative.de\/index.php?rest_route=\/wp\/v2\/posts"}],"about":[{"href":"https:\/\/vg-initiative.de\/index.php?rest_route=\/wp\/v2\/types\/post"}],"author":[{"embeddable":true,"href":"https:\/\/vg-initiative.de\/index.php?rest_route=\/wp\/v2\/users\/1"}],"replies":[{"embeddable":true,"href":"https:\/\/vg-initiative.de\/index.php?rest_route=%2Fwp%2Fv2%2Fcomments&post=4794"}],"version-history":[{"count":5,"href":"https:\/\/vg-initiative.de\/index.php?rest_route=\/wp\/v2\/posts\/4794\/revisions"}],"predecessor-version":[{"id":4801,"href":"https:\/\/vg-initiative.de\/index.php?rest_route=\/wp\/v2\/posts\/4794\/revisions\/4801"}],"wp:featuredmedia":[{"embeddable":true,"href":"https:\/\/vg-initiative.de\/index.php?rest_route=\/wp\/v2\/media\/4764"}],"wp:attachment":[{"href":"https:\/\/vg-initiative.de\/index.php?rest_route=%2Fwp%2Fv2%2Fmedia&parent=4794"}],"wp:term":[{"taxonomy":"category","embeddable":true,"href":"https:\/\/vg-initiative.de\/index.php?rest_route=%2Fwp%2Fv2%2Fcategories&post=4794"},{"taxonomy":"post_tag","embeddable":true,"href":"https:\/\/vg-initiative.de\/index.php?rest_route=%2Fwp%2Fv2%2Ftags&post=4794"}],"curies":[{"name":"wp","href":"https:\/\/api.w.org\/{rel}","templated":true}]}}