{"id":4806,"date":"2022-12-04T18:44:49","date_gmt":"2022-12-04T17:44:49","guid":{"rendered":"https:\/\/vg-initiative.de\/?p=4806"},"modified":"2022-12-04T18:57:05","modified_gmt":"2022-12-04T17:57:05","slug":"vg-exkursion-am-10-12-2022","status":"publish","type":"post","link":"https:\/\/vg-initiative.de\/?p=4806","title":{"rendered":"VG-Exkursion am 10.12.2022"},"content":{"rendered":"<p>[et_pb_section fb_built=&#8220;1&#8243; admin_label=&#8220;section&#8220; _builder_version=&#8220;3.22&#8243;][et_pb_row admin_label=&#8220;row&#8220; _builder_version=&#8220;3.25&#8243; background_size=&#8220;initial&#8220; background_position=&#8220;top_left&#8220; background_repeat=&#8220;repeat&#8220;][et_pb_column type=&#8220;4_4&#8243; _builder_version=&#8220;3.25&#8243; custom_padding=&#8220;|||&#8220; custom_padding__hover=&#8220;|||&#8220;][et_pb_text admin_label=&#8220;Text&#8220; _builder_version=&#8220;3.26.6&#8243; text_text_align=&#8220;center&#8220; text_text_shadow_style=&#8220;preset2&#8243; text_text_shadow_color=&#8220;#000000&#8243; background_color=&#8220;#07a1e2&#8243; background_size=&#8220;initial&#8220; background_position=&#8220;top_left&#8220; background_repeat=&#8220;repeat&#8220; border_width_all=&#8220;20px&#8220; border_color_all=&#8220;#07a1e2&#8243;][\/et_pb_text][\/et_pb_column][\/et_pb_row][et_pb_row admin_label=&#8220;row&#8220; _builder_version=&#8220;3.25&#8243; background_size=&#8220;initial&#8220; background_position=&#8220;top_left&#8220; background_repeat=&#8220;repeat&#8220; min_height=&#8220;1363px&#8220; custom_margin=&#8220;|auto|-232px|auto||&#8220;][et_pb_column type=&#8220;4_4&#8243; _builder_version=&#8220;3.25&#8243; custom_padding=&#8220;|||&#8220; custom_padding__hover=&#8220;|||&#8220;][et_pb_text admin_label=&#8220;Text&#8220; _builder_version=&#8220;3.26.6&#8243; background_size=&#8220;initial&#8220; background_position=&#8220;top_left&#8220; background_repeat=&#8220;repeat&#8220;]<\/p>\n<div class=\"page\" title=\"Page 1\">\n<div class=\"layoutArea\">\n<div class=\"column\">\n<div class=\"page\" title=\"Page 1\">\n<div class=\"layoutArea\">\n<div class=\"column\">\n<div class=\"page\" title=\"Page 1\">\n<div class=\"layoutArea\">\n<div class=\"column\">\n<h1><span>Einladung zur VG Tagesexkursion <\/span><\/h1>\n<h1><span>Samstag, 10.Dezember 2022, 10:30 Uhr<\/span><\/h1>\n<p><span><\/span><\/p>\n<p><span><\/span><\/p>\n<p><span><\/span><\/p>\n<p><span><\/span><\/p>\n<h1>Besuch der Ahlers-Stiftung Pro Arte in Herford<\/h1>\n<\/div>\n<\/div>\n<\/div>\n<\/div>\n<\/div>\n<\/div>\n<\/div>\n<\/div>\n<\/div>\n<p>&nbsp;[\/et_pb_text][et_pb_divider _builder_version=&#8220;3.26.6&#8243;][\/et_pb_divider][et_pb_image src=&#8220;https:\/\/vg-initiative.de\/wp-content\/uploads\/2022\/12\/Image-2.png&#8220; _builder_version=&#8220;3.26.6&#8243; align=&#8220;center&#8220;][\/et_pb_image][et_pb_text _builder_version=&#8220;3.26.6&#8243;]<\/p>\n<div class=\"page\" title=\"Page 1\">\n<div class=\"layoutArea\">\n<div class=\"column\">\n<div class=\"page\" title=\"Page 1\">\n<div class=\"layoutArea\">\n<div class=\"column\">\n<p><span>Liebe Mitglieder und Freunde der Vordemberge-Gildewart-Initiative, liebe Kunstinteressierte,<\/span><\/p>\n<p><span>bereits seit September zeigt die Ahlers-Stiftung Pro Arte in Herford aus eigenem Bestand ihre \u201eKonstruktiven Welten &#8211; Anf\u00e4nge einer neuen Universalsprache der Kunst&#8220; Jetzt endet sie. H\u00f6chste Zeit also, dass wir uns zu unserem eigenen Thema auf den Weg machen. Mit einem Original Vordemberge-Gildewarts d\u00fcrfen wir leider nicht rechnen; anscheinend ist er im Bestand der Ahlers- Stiftung nicht vertreten.<\/span><\/p>\n<p><span><\/span><\/p>\n<p><span>Wir fahren mit der Bahn und haben uns folgenden Ablauf vorgenommen:<\/span><\/p>\n<\/div>\n<\/div>\n<\/div>\n<\/div>\n<\/div>\n<\/div>\n<p>[\/et_pb_text][et_pb_text _builder_version=&#8220;3.26.6&#8243; custom_padding=&#8220;3px|||||&#8220;]<\/p>\n<div class=\"page\" title=\"Page 2\">\n<div class=\"layoutArea\">\n<div class=\"column\">\n<div class=\"page\" title=\"Page 1\">\n<div class=\"layoutArea\">\n<div class=\"column\">\n<div class=\"page\" title=\"Page 1\">\n<div class=\"layoutArea\">\n<div class=\"column\">\n<p><span>&nbsp;<\/span><\/p>\n<div class=\"page\" title=\"Page 1\">\n<div class=\"layoutArea\">\n<div class=\"column\">\n<p><strong>An- und Abreise<\/strong><\/p>\n<p><span>Treffen in der Vorhalle auf dem Hauptbahnhof Osnabr\u00fcck am Sonnabend, den 10. Dezember um 10.30 Uhr.<\/span><\/p>\n<p><span>Abfahrt 10.47 Uhr von Gleis 11. Ankunft 11.27 Uhr in Herford.<br \/>\nIn Herford gem\u00fctlicher Rundgang durch die adventliche Innenstadt<br \/>\nAbfahrt 13.15 Uhr mit dem Bus nach Herford-Elverdissen. Ankunft 13.33 Uhr bei der Ahlers-Stiftung<\/span><\/p>\n<p><span>15.00 &#8211; 16.00 Uhr \u00f6ffentliche F\u00fchrung durch die Ausstellung anschlie\u00dfend mit dem Taxi zur\u00fcck zum Bahnhof Herford Abfahrt 16.31 Uhr, Gleis 1<br \/>\nAnkunft 17.11 Uhr Osnabr\u00fcck<\/span><\/p>\n<\/div>\n<\/div>\n<\/div>\n<\/div>\n<\/div>\n<\/div>\n<p><span><br \/>\n<\/span><\/p>\n<\/div>\n<\/div>\n<\/div>\n<\/div>\n<\/div>\n<\/div>\n<p>[\/et_pb_text][et_pb_divider _builder_version=&#8220;3.26.6&#8243;][\/et_pb_divider][et_pb_text _builder_version=&#8220;3.26.6&#8243;]<\/p>\n<div class=\"page\" title=\"Page 1\">\n<div class=\"layoutArea\">\n<div class=\"column\">\n<p><span>Kontakt<\/span><span>: Dr. Hans Peterse, Ziegelstr. 29, 49074 Osnabr\u00fcck, Tel. 0541-22343, E-Mail: <\/span><span><a href=\"mailto:peterse@vg-initiative.de\">peterse@vg-initiative.de<\/a><\/span><\/p>\n<p><span><\/span><\/p>\n<p><span><\/span><\/p>\n<div class=\"page\" title=\"Page 2\">\n<div class=\"layoutArea\">\n<div class=\"column\">\n<p><strong>Anmeldung<\/strong><\/p>\n<p><span>Wir freuen uns, wenn Sie sich uns am Sonnabend vor dem 3. Advent anschlie\u00dfen wollen. Zur Anmeldung wenden Sie sich m\u00f6glichst bitte <\/span><span>bis zum 09. 12. 22 <\/span><span>an Frau Elisabeth Manke telefonisch unter 0541-52656 oder per mail &#8222;<\/span><span>manke.elisabeth@gmail.com<\/span><span>&#8222;.<\/span><\/p>\n<p><span><\/span><\/p>\n<p><span><\/span><\/p>\n<p><span><\/span><\/p>\n<div class=\"page\" title=\"Page 2\">\n<div class=\"layoutArea\">\n<div class=\"column\">\n<p><strong>Sonstiges\/Hinweise\/Verweise auf folgende Termine<\/strong><\/p>\n<p><span>An Kosten fallen 39 \u20ac f\u00fcr Eintritt, Bahn- und Busfahrten und einer Organisationspauschale von 5 \u20ac an, die w\u00e4hrend der Fahrt von den Teilnehmern bar erhoben werden. Etwaige \u00dcbersch\u00fcsse verbleiben der VG-Initiative.<\/span><\/p>\n<p><span>Und ein Hinweis zum Schluss: Alle Teilnehmer fahren auf eigene Gefahr; eine Haftung durch uns ist ausgeschlossen.<\/span><\/p>\n<\/div>\n<\/div>\n<\/div>\n<\/div>\n<\/div>\n<\/div>\n<\/div>\n<\/div>\n<\/div>\n<p>[\/et_pb_text][\/et_pb_column][\/et_pb_row][\/et_pb_section]<\/p>\n","protected":false},"excerpt":{"rendered":"<p>Einladung zur VG Tagesexkursion Samstag, 10.Dezember 2022, 10:30 Uhr Besuch der Ahlers-Stiftung Pro Arte in Herford &nbsp; Liebe Mitglieder und Freunde der Vordemberge-Gildewart-Initiative, liebe Kunstinteressierte, bereits seit September zeigt die Ahlers-Stiftung Pro Arte in Herford aus eigenem Bestand ihre \u201eKonstruktiven Welten &#8211; Anf\u00e4nge einer neuen Universalsprache der Kunst&#8220; Jetzt endet sie. H\u00f6chste Zeit also, dass [&hellip;]<\/p>\n","protected":false},"author":1,"featured_media":4811,"comment_status":"closed","ping_status":"open","sticky":false,"template":"","format":"standard","meta":{"_et_pb_use_builder":"on","_et_pb_old_content":"","_et_gb_content_width":"","footnotes":""},"categories":[1],"tags":[],"class_list":["post-4806","post","type-post","status-publish","format-standard","has-post-thumbnail","hentry","category-allgemein"],"_links":{"self":[{"href":"https:\/\/vg-initiative.de\/index.php?rest_route=\/wp\/v2\/posts\/4806"}],"collection":[{"href":"https:\/\/vg-initiative.de\/index.php?rest_route=\/wp\/v2\/posts"}],"about":[{"href":"https:\/\/vg-initiative.de\/index.php?rest_route=\/wp\/v2\/types\/post"}],"author":[{"embeddable":true,"href":"https:\/\/vg-initiative.de\/index.php?rest_route=\/wp\/v2\/users\/1"}],"replies":[{"embeddable":true,"href":"https:\/\/vg-initiative.de\/index.php?rest_route=%2Fwp%2Fv2%2Fcomments&post=4806"}],"version-history":[{"count":5,"href":"https:\/\/vg-initiative.de\/index.php?rest_route=\/wp\/v2\/posts\/4806\/revisions"}],"predecessor-version":[{"id":4813,"href":"https:\/\/vg-initiative.de\/index.php?rest_route=\/wp\/v2\/posts\/4806\/revisions\/4813"}],"wp:featuredmedia":[{"embeddable":true,"href":"https:\/\/vg-initiative.de\/index.php?rest_route=\/wp\/v2\/media\/4811"}],"wp:attachment":[{"href":"https:\/\/vg-initiative.de\/index.php?rest_route=%2Fwp%2Fv2%2Fmedia&parent=4806"}],"wp:term":[{"taxonomy":"category","embeddable":true,"href":"https:\/\/vg-initiative.de\/index.php?rest_route=%2Fwp%2Fv2%2Fcategories&post=4806"},{"taxonomy":"post_tag","embeddable":true,"href":"https:\/\/vg-initiative.de\/index.php?rest_route=%2Fwp%2Fv2%2Ftags&post=4806"}],"curies":[{"name":"wp","href":"https:\/\/api.w.org\/{rel}","templated":true}]}}