{"id":4822,"date":"2022-12-07T18:39:31","date_gmt":"2022-12-07T17:39:31","guid":{"rendered":"https:\/\/vg-initiative.de\/?p=4822"},"modified":"2022-12-07T18:50:01","modified_gmt":"2022-12-07T17:50:01","slug":"der-friedrich-vordemberge-gildewart-platz-im-november","status":"publish","type":"post","link":"https:\/\/vg-initiative.de\/?p=4822","title":{"rendered":"Der Friedrich Vordemberge-Gildewart-Platz im November"},"content":{"rendered":"<p>[et_pb_section fb_built=&#8220;1&#8243; _builder_version=&#8220;3.26.6&#8243;][et_pb_row _builder_version=&#8220;3.26.6&#8243;][et_pb_column type=&#8220;4_4&#8243; _builder_version=&#8220;3.26.6&#8243;][et_pb_image src=&#8220;https:\/\/vg-initiative.de\/wp-content\/uploads\/2022\/12\/1670061307616-scaled-e1670435354816.jpg&#8220; _builder_version=&#8220;3.26.6&#8243;][\/et_pb_image][et_pb_text _builder_version=&#8220;3.26.6&#8243;]<\/p>\n<p>Der Friedrich Vordemberge-Gildewart-Platz &#8211; im Verlauf der Gro\u00dfen Gildewart in Osnabr\u00fcck liegend &#8211; wurde im November ehrenamtlich ges\u00e4ubert, die Stele gereinigt.<\/p>\n<p>&nbsp;<\/p>\n<p>Bilder: Copyright G. Schneiker<\/p>\n<p>[\/et_pb_text][et_pb_image src=&#8220;https:\/\/vg-initiative.de\/wp-content\/uploads\/2022\/12\/1670061307631-scaled.jpg&#8220; _builder_version=&#8220;3.26.6&#8243;][\/et_pb_image][\/et_pb_column][\/et_pb_row][\/et_pb_section]<\/p>\n","protected":false},"excerpt":{"rendered":"<p>Der Friedrich Vordemberge-Gildewart-Platz &#8211; im Verlauf der Gro\u00dfen Gildewart in Osnabr\u00fcck liegend &#8211; wurde im November ehrenamtlich ges\u00e4ubert, die Stele gereinigt. &nbsp; Bilder: Copyright G. Schneiker<\/p>\n","protected":false},"author":1,"featured_media":4788,"comment_status":"closed","ping_status":"open","sticky":false,"template":"","format":"standard","meta":{"_et_pb_use_builder":"on","_et_pb_old_content":"","_et_gb_content_width":"","footnotes":""},"categories":[1],"tags":[],"class_list":["post-4822","post","type-post","status-publish","format-standard","has-post-thumbnail","hentry","category-allgemein"],"_links":{"self":[{"href":"https:\/\/vg-initiative.de\/index.php?rest_route=\/wp\/v2\/posts\/4822"}],"collection":[{"href":"https:\/\/vg-initiative.de\/index.php?rest_route=\/wp\/v2\/posts"}],"about":[{"href":"https:\/\/vg-initiative.de\/index.php?rest_route=\/wp\/v2\/types\/post"}],"author":[{"embeddable":true,"href":"https:\/\/vg-initiative.de\/index.php?rest_route=\/wp\/v2\/users\/1"}],"replies":[{"embeddable":true,"href":"https:\/\/vg-initiative.de\/index.php?rest_route=%2Fwp%2Fv2%2Fcomments&post=4822"}],"version-history":[{"count":4,"href":"https:\/\/vg-initiative.de\/index.php?rest_route=\/wp\/v2\/posts\/4822\/revisions"}],"predecessor-version":[{"id":4833,"href":"https:\/\/vg-initiative.de\/index.php?rest_route=\/wp\/v2\/posts\/4822\/revisions\/4833"}],"wp:featuredmedia":[{"embeddable":true,"href":"https:\/\/vg-initiative.de\/index.php?rest_route=\/wp\/v2\/media\/4788"}],"wp:attachment":[{"href":"https:\/\/vg-initiative.de\/index.php?rest_route=%2Fwp%2Fv2%2Fmedia&parent=4822"}],"wp:term":[{"taxonomy":"category","embeddable":true,"href":"https:\/\/vg-initiative.de\/index.php?rest_route=%2Fwp%2Fv2%2Fcategories&post=4822"},{"taxonomy":"post_tag","embeddable":true,"href":"https:\/\/vg-initiative.de\/index.php?rest_route=%2Fwp%2Fv2%2Ftags&post=4822"}],"curies":[{"name":"wp","href":"https:\/\/api.w.org\/{rel}","templated":true}]}}