{"id":4835,"date":"2023-01-09T11:12:58","date_gmt":"2023-01-09T10:12:58","guid":{"rendered":"https:\/\/vg-initiative.de\/?p=4835"},"modified":"2023-01-09T11:14:24","modified_gmt":"2023-01-09T10:14:24","slug":"vg-kulturfruehstueck-am-12-01-2023","status":"publish","type":"post","link":"https:\/\/vg-initiative.de\/?p=4835","title":{"rendered":"VG-Kulturfr\u00fchst\u00fcck am 12.01.2023"},"content":{"rendered":"<p>[et_pb_section fb_built=&#8220;1&#8243; admin_label=&#8220;section&#8220; _builder_version=&#8220;3.22&#8243;][et_pb_row admin_label=&#8220;row&#8220; _builder_version=&#8220;3.25&#8243; background_size=&#8220;initial&#8220; background_position=&#8220;top_left&#8220; background_repeat=&#8220;repeat&#8220;][et_pb_column type=&#8220;4_4&#8243; _builder_version=&#8220;3.25&#8243; custom_padding=&#8220;|||&#8220; custom_padding__hover=&#8220;|||&#8220;][et_pb_text admin_label=&#8220;Text&#8220; _builder_version=&#8220;3.26.6&#8243; text_text_align=&#8220;center&#8220; text_text_shadow_style=&#8220;preset2&#8243; text_text_shadow_color=&#8220;#000000&#8243; background_color=&#8220;#07a1e2&#8243; background_size=&#8220;initial&#8220; background_position=&#8220;top_left&#8220; background_repeat=&#8220;repeat&#8220; border_width_all=&#8220;20px&#8220; border_color_all=&#8220;#07a1e2&#8243;][\/et_pb_text][\/et_pb_column][\/et_pb_row][et_pb_row _builder_version=&#8220;3.26.6&#8243;][et_pb_column type=&#8220;4_4&#8243; _builder_version=&#8220;3.26.6&#8243;][et_pb_image src=&#8220;https:\/\/vg-initiative.de\/wp-content\/uploads\/2022\/06\/signal-2022-06-05-07-22-24-147-3.jpg&#8220; align=&#8220;center&#8220; _builder_version=&#8220;3.26.6&#8243; transform_scale=&#8220;104%|104%&#8220; width=&#8220;48%&#8220;][\/et_pb_image][\/et_pb_column][\/et_pb_row][et_pb_row admin_label=&#8220;row&#8220; _builder_version=&#8220;3.25&#8243; background_size=&#8220;initial&#8220; background_position=&#8220;top_left&#8220; background_repeat=&#8220;repeat&#8220;][et_pb_column type=&#8220;4_4&#8243; _builder_version=&#8220;3.25&#8243; custom_padding=&#8220;|||&#8220; custom_padding__hover=&#8220;|||&#8220;][et_pb_text admin_label=&#8220;Text&#8220; _builder_version=&#8220;3.26.6&#8243; background_size=&#8220;initial&#8220; background_position=&#8220;top_left&#8220; background_repeat=&#8220;repeat&#8220;]<\/p>\n<h1 class=\"Normal\"><span class=\"tm5\">Einladung zum VG-Kulturfr\u00fchst\u00fcck<\/span><\/h1>\n<p class=\"Normal\"><span class=\"tm6\">&nbsp;<\/span><\/p>\n<h3 class=\"Normal\"><span class=\"tm5\">am Donnerstag, den 12.01.2023, um 10:00 Uhr in Galerie KunstGenuss, Liebigstr. 29,<br \/>\n49074 Osnabr\u00fcck.<\/span><\/h3>\n<h3 class=\"Normal\"><span style=\"font-size: 18px;\">&nbsp;<\/span><\/h3>\n<h3 class=\"Normal\"><span class=\"tm5\"><\/span><\/h3>\n<p class=\"Normal\"><span class=\"tm7\"><\/span><\/p>\n<p class=\"Normal\"><span class=\"tm7\"><\/span><\/p>\n<p class=\"Normal\"><span class=\"tm5\">F\u00fcr das Kulturfr\u00fchst\u00fcck stehen als Getr\u00e4nke Kaffee, Tee, Saft und Wasser zur Verf\u00fcgung.<\/span><\/p>\n<p class=\"Normal\"><span style=\"font-size: 18px;\">Bestellliste f\u00fcr das Fr\u00fchst\u00fcck:<\/span><\/p>\n<p class=\"Normal\"><span style=\"font-size: 18px;\">helles Br\u00f6tchen<\/span><\/p>\n<p class=\"Normal\"><span class=\"tm5\">Roggenbr\u00f6tchen <\/span><\/p>\n<p class=\"Normal\"><span class=\"tm5\">Croissant <\/span><\/p>\n<p class=\"Normal\"><span class=\"tm5\">K\u00e4seteller (2 Sorten)<\/span><\/p>\n<p class=\"Normal\"><span class=\"tm5\">Roher Schinken<\/span><\/p>\n<p class=\"Normal\"><span class=\"tm5\">Kochschinken<\/span><\/p>\n<p class=\"Normal\"><span class=\"tm5\">R\u00fchrei (2 Eier) <\/span><\/p>\n<p class=\"Normal\"><span class=\"tm5\">Gelee\/Marmelade (verschiedene Sorten)<\/span><\/p>\n<p class=\"Normal\"><span style=\"font-size: 18px;\">W\u00fcnsche bitte bis Dienstag an Wolfgang und Jutta Knaup (wolfgangknaup@t-online.de) schicken.<\/span><\/p>\n<p class=\"Normal\"><span class=\"tm5\">&nbsp;<\/span><\/p>\n<h3 class=\"Normal\"><span class=\"tm5\">Mit besten Gr\u00fc\u00dfen,<\/span><\/h3>\n<h3 class=\"Normal\"><span class=\"tm5\">&nbsp;<\/span><\/h3>\n<h3 class=\"Normal\"><span class=\"tm5\">Christa Loges<\/span><\/h3>\n<h3 class=\"Normal\"><span class=\"tm5\">Hans Peterse<\/span><\/h3>\n<p class=\"Normal\"><span class=\"tm5\">&nbsp;<\/span><\/p>\n<p class=\"Normal\"><span class=\"tm5\">&nbsp;<\/span><\/p>\n<p class=\"Normal\"><span class=\"tm5\">&nbsp;<\/span><\/p>\n<p class=\"Normal\">\n<p>[\/et_pb_text][\/et_pb_column][\/et_pb_row][et_pb_row _builder_version=&#8220;3.26.6&#8243;][et_pb_column type=&#8220;4_4&#8243; _builder_version=&#8220;3.26.6&#8243;][et_pb_image src=&#8220;https:\/\/vg-initiative.de\/wp-content\/uploads\/2022\/07\/Image-2.jpg&#8220; _builder_version=&#8220;3.26.6&#8243;][\/et_pb_image][\/et_pb_column][\/et_pb_row][et_pb_row _builder_version=&#8220;3.26.6&#8243;][et_pb_column type=&#8220;4_4&#8243; _builder_version=&#8220;3.26.6&#8243;][et_pb_text _builder_version=&#8220;3.26.6&#8243;]<\/p>\n<div class=\"page\" title=\"Page 2\">\n<div class=\"layoutArea\">\n<div class=\"column\">\n<p><span>Copyright: Peggy Greb, USDA ARS (Wikimedia Commons)<\/span><\/p>\n<\/div>\n<\/div>\n<\/div>\n<p>[\/et_pb_text][\/et_pb_column][\/et_pb_row][et_pb_row _builder_version=&#8220;3.26.6&#8243;][et_pb_column type=&#8220;4_4&#8243; _builder_version=&#8220;3.26.6&#8243;][et_pb_divider _builder_version=&#8220;3.26.6&#8243;][\/et_pb_divider][\/et_pb_column][\/et_pb_row][et_pb_row _builder_version=&#8220;3.26.6&#8243;][et_pb_column type=&#8220;4_4&#8243; _builder_version=&#8220;3.26.6&#8243;][\/et_pb_column][\/et_pb_row][\/et_pb_section]<\/p>\n","protected":false},"excerpt":{"rendered":"<p>Einladung zum VG-Kulturfr\u00fchst\u00fcck &nbsp; am Donnerstag, den 12.01.2023, um 10:00 Uhr in Galerie KunstGenuss, Liebigstr. 29, 49074 Osnabr\u00fcck. &nbsp; F\u00fcr das Kulturfr\u00fchst\u00fcck stehen als Getr\u00e4nke Kaffee, Tee, Saft und Wasser zur Verf\u00fcgung. Bestellliste f\u00fcr das Fr\u00fchst\u00fcck: helles Br\u00f6tchen Roggenbr\u00f6tchen Croissant K\u00e4seteller (2 Sorten) Roher Schinken Kochschinken R\u00fchrei (2 Eier) Gelee\/Marmelade (verschiedene Sorten) W\u00fcnsche bitte bis [&hellip;]<\/p>\n","protected":false},"author":1,"featured_media":4516,"comment_status":"closed","ping_status":"open","sticky":false,"template":"","format":"standard","meta":{"_et_pb_use_builder":"on","_et_pb_old_content":"","_et_gb_content_width":"","footnotes":""},"categories":[1],"tags":[],"class_list":["post-4835","post","type-post","status-publish","format-standard","has-post-thumbnail","hentry","category-allgemein"],"_links":{"self":[{"href":"https:\/\/vg-initiative.de\/index.php?rest_route=\/wp\/v2\/posts\/4835"}],"collection":[{"href":"https:\/\/vg-initiative.de\/index.php?rest_route=\/wp\/v2\/posts"}],"about":[{"href":"https:\/\/vg-initiative.de\/index.php?rest_route=\/wp\/v2\/types\/post"}],"author":[{"embeddable":true,"href":"https:\/\/vg-initiative.de\/index.php?rest_route=\/wp\/v2\/users\/1"}],"replies":[{"embeddable":true,"href":"https:\/\/vg-initiative.de\/index.php?rest_route=%2Fwp%2Fv2%2Fcomments&post=4835"}],"version-history":[{"count":5,"href":"https:\/\/vg-initiative.de\/index.php?rest_route=\/wp\/v2\/posts\/4835\/revisions"}],"predecessor-version":[{"id":4842,"href":"https:\/\/vg-initiative.de\/index.php?rest_route=\/wp\/v2\/posts\/4835\/revisions\/4842"}],"wp:featuredmedia":[{"embeddable":true,"href":"https:\/\/vg-initiative.de\/index.php?rest_route=\/wp\/v2\/media\/4516"}],"wp:attachment":[{"href":"https:\/\/vg-initiative.de\/index.php?rest_route=%2Fwp%2Fv2%2Fmedia&parent=4835"}],"wp:term":[{"taxonomy":"category","embeddable":true,"href":"https:\/\/vg-initiative.de\/index.php?rest_route=%2Fwp%2Fv2%2Fcategories&post=4835"},{"taxonomy":"post_tag","embeddable":true,"href":"https:\/\/vg-initiative.de\/index.php?rest_route=%2Fwp%2Fv2%2Ftags&post=4835"}],"curies":[{"name":"wp","href":"https:\/\/api.w.org\/{rel}","templated":true}]}}