{"id":4846,"date":"2023-01-29T17:40:21","date_gmt":"2023-01-29T16:40:21","guid":{"rendered":"https:\/\/vg-initiative.de\/?p=4846"},"modified":"2023-01-29T17:40:23","modified_gmt":"2023-01-29T16:40:23","slug":"vg-treff-am-31-01-2023","status":"publish","type":"post","link":"https:\/\/vg-initiative.de\/?p=4846","title":{"rendered":"VG-Treff am 31.01.2023"},"content":{"rendered":"\n[et_pb_section fb_built=&#8220;1&#8243; admin_label=&#8220;section&#8220; _builder_version=&#8220;4.16&#8243; global_colors_info=&#8220;{}&#8220; theme_builder_area=&#8220;post_content&#8220;][et_pb_row admin_label=&#8220;row&#8220; _builder_version=&#8220;4.16&#8243; background_size=&#8220;initial&#8220; background_position=&#8220;top_left&#8220; background_repeat=&#8220;repeat&#8220; global_colors_info=&#8220;{}&#8220; theme_builder_area=&#8220;post_content&#8220;][et_pb_column type=&#8220;4_4&#8243; _builder_version=&#8220;4.16&#8243; custom_padding=&#8220;|||&#8220; global_colors_info=&#8220;{}&#8220; custom_padding__hover=&#8220;|||&#8220; theme_builder_area=&#8220;post_content&#8220;][et_pb_text admin_label=&#8220;Text&#8220; _builder_version=&#8220;4.16&#8243; background_color=&#8220;#07a1e2&#8243; background_size=&#8220;initial&#8220; background_position=&#8220;top_left&#8220; background_repeat=&#8220;repeat&#8220; text_orientation=&#8220;center&#8220; text_text_shadow_style=&#8220;preset2&#8243; text_text_shadow_color=&#8220;#000000&#8243; border_width_all=&#8220;20px&#8220; border_color_all=&#8220;#07a1e2&#8243; text_text_align=&#8220;center&#8220; global_colors_info=&#8220;{}&#8220; theme_builder_area=&#8220;post_content&#8220;]<h1><\/h1>\n&nbsp;[\/et_pb_text][et_pb_text _builder_version=&#8220;4.16&#8243; hover_enabled=&#8220;0&#8243; global_colors_info=&#8220;{}&#8220; theme_builder_area=&#8220;post_content&#8220; sticky_enabled=&#8220;0&#8243;]<div class=\"page\" title=\"Page 1\">\n<table>\n<tbody>\n<tr>\n<td>\n<div class=\"layoutArea\">\n<div class=\"column\">\n<h1><span>Vordemberge-Gildewart-Treff am Dienstag, den 31.01.2023<\/span><\/h1>\n<\/div>\n<\/div>\n<\/td>\n<\/tr>\n<tr>\n<td><\/td>\n<\/tr>\n<tr>\n<td><\/td>\n<\/tr>\n<\/tbody>\n<\/table>\n<\/div>[\/et_pb_text][\/et_pb_column][\/et_pb_row][et_pb_row _builder_version=&#8220;4.19.4&#8243; _module_preset=&#8220;default&#8220; theme_builder_area=&#8220;post_content&#8220;][et_pb_column _builder_version=&#8220;4.19.4&#8243; _module_preset=&#8220;default&#8220; type=&#8220;4_4&#8243; theme_builder_area=&#8220;post_content&#8220;][et_pb_text _builder_version=&#8220;4.19.4&#8243; _module_preset=&#8220;default&#8220; theme_builder_area=&#8220;post_content&#8220; hover_enabled=&#8220;0&#8243; sticky_enabled=&#8220;0&#8243;]<div class=\"page\" title=\"Page 1\">\n<table>\n<tbody>\n<tr>\n<td><\/td>\n<\/tr>\n<tr>\n<td>\n<div class=\"layoutArea\">\n<div class=\"column\">\n<p><span>Dokumentarfilm \u00fcber das VG-Grab auf dem Hasefriedhof in Osnabr\u00fcck von Hartmut Carl und Matthias Coers (2013)<\/span><\/p>\n<p><span>Beginn: 16:30 Uhr. Ende: 17:30 Uhr.<\/span><\/p>\n<p><span>Ort: Museumsquartier, Felix Nussbaum-Haus (Veranstaltungsraum), Lotter Stra\u00dfe 2, 49078 Osnabr\u00fcck.<\/span><\/p>\n<p><span>2013 drehten Hartmut Carl und Matthias Coers einen Dokumentarfilm \u00fcber das VG-Grab auf dem Hasefriedhof. Der Film, der 20 Minuten dauert,<\/span><\/p>\n<\/div>\n<\/div>\n<\/td>\n<\/tr>\n<tr>\n<td>\n<div class=\"layoutArea\">\n<div class=\"column\">\n<p><span>erschien 2014. Die Idee entstand aus Anlass der Feierlichkeiten, die die Stadt Osnabr\u00fcck zum Gedenken an den 50. Todestag von Vordemberge-Gildewart (1962) organisierte.<\/span><\/p>\n<p><span>Der VG-Treff zeigt den Dokumentarfilm. In einem Interview mit Hans Peterse erz\u00e4hlt der Radiojournalist Hartmut Carl \u00fcber die Aufnahmen und die Zusammenarbeit mit Matthias Coers und \u00fcber seinen beruflichen Werdegang.<\/span><\/p>\n<\/div>\n<\/div>\n<\/td>\n<\/tr>\n<\/tbody>\n<\/table>\n<div class=\"layoutArea\">\n<div class=\"column\">\n<p>&nbsp;<\/p>\n<\/div>\n<\/div>\n<\/div>[\/et_pb_text][\/et_pb_column][\/et_pb_row][et_pb_row admin_label=&#8220;row&#8220; _builder_version=&#8220;4.16&#8243; background_size=&#8220;initial&#8220; background_position=&#8220;top_left&#8220; background_repeat=&#8220;repeat&#8220; min_height=&#8220;956px&#8220; custom_padding=&#8220;||0px|||&#8220; global_colors_info=&#8220;{}&#8220; theme_builder_area=&#8220;post_content&#8220;][et_pb_column type=&#8220;4_4&#8243; _builder_version=&#8220;4.16&#8243; custom_padding=&#8220;|||&#8220; global_colors_info=&#8220;{}&#8220; custom_padding__hover=&#8220;|||&#8220; theme_builder_area=&#8220;post_content&#8220;][et_pb_divider _builder_version=&#8220;4.16&#8243; global_colors_info=&#8220;{}&#8220; theme_builder_area=&#8220;post_content&#8220;][\/et_pb_divider][et_pb_text _builder_version=&#8220;4.19.4&#8243; _module_preset=&#8220;default&#8220; theme_builder_area=&#8220;post_content&#8220; hover_enabled=&#8220;0&#8243; sticky_enabled=&#8220;0&#8243;]<div class=\"page\" title=\"Page 2\">\n<div class=\"layoutArea\">\n<div class=\"column\">\n<p><strong>Anmeldung<\/strong><\/p>\n<p><strong><\/strong><\/p>\n<\/div>\n<\/div>\n<div class=\"layoutArea\">\n<div class=\"column\">\n<p><span>Eine Anmeldung ist nicht erforderlich.<\/span><\/p>\n<p><span>Nach der Veranstaltung besteht ab 18 Uhr die M\u00f6glichkeit zu einem gemeinsamen Abendessen in der Lagerhalle, wo das Gespr\u00e4ch fortgesetzt werden kann.<\/span><\/p>\n<p><span><\/span><\/p>\n<p><span><\/span><\/p>\n<p><span><\/span><\/p>\n<p><span>F\u00fcr die VG-Treffs gilt ab 2023 eine neue Anfangszeit: <\/span><span>16:30 Uhr<\/span><\/p>\n<\/div>\n<\/div>\n<\/div>[\/et_pb_text][\/et_pb_column][\/et_pb_row][et_pb_row _builder_version=&#8220;4.16&#8243; global_colors_info=&#8220;{}&#8220; theme_builder_area=&#8220;post_content&#8220;][et_pb_column type=&#8220;4_4&#8243; _builder_version=&#8220;4.16&#8243; global_colors_info=&#8220;{}&#8220; theme_builder_area=&#8220;post_content&#8220;][\/et_pb_column][\/et_pb_row][\/et_pb_section]\n","protected":false},"excerpt":{"rendered":"<p>&nbsp; Vordemberge-Gildewart-Treff am Dienstag, den 31.01.2023 Dokumentarfilm \u00fcber das VG-Grab auf dem Hasefriedhof in Osnabr\u00fcck von Hartmut Carl und Matthias Coers (2013) Beginn: 16:30 Uhr. Ende: 17:30 Uhr. Ort: Museumsquartier, Felix Nussbaum-Haus (Veranstaltungsraum), Lotter Stra\u00dfe 2, 49078 Osnabr\u00fcck. 2013 drehten Hartmut Carl und Matthias Coers einen Dokumentarfilm \u00fcber das VG-Grab auf dem Hasefriedhof. Der Film, [&hellip;]<\/p>\n","protected":false},"author":1,"featured_media":0,"comment_status":"closed","ping_status":"open","sticky":false,"template":"","format":"standard","meta":{"_et_pb_use_builder":"on","_et_pb_old_content":"","_et_gb_content_width":"1080","footnotes":""},"categories":[1],"tags":[],"class_list":["post-4846","post","type-post","status-publish","format-standard","hentry","category-allgemein"],"_links":{"self":[{"href":"https:\/\/vg-initiative.de\/index.php?rest_route=\/wp\/v2\/posts\/4846"}],"collection":[{"href":"https:\/\/vg-initiative.de\/index.php?rest_route=\/wp\/v2\/posts"}],"about":[{"href":"https:\/\/vg-initiative.de\/index.php?rest_route=\/wp\/v2\/types\/post"}],"author":[{"embeddable":true,"href":"https:\/\/vg-initiative.de\/index.php?rest_route=\/wp\/v2\/users\/1"}],"replies":[{"embeddable":true,"href":"https:\/\/vg-initiative.de\/index.php?rest_route=%2Fwp%2Fv2%2Fcomments&post=4846"}],"version-history":[{"count":3,"href":"https:\/\/vg-initiative.de\/index.php?rest_route=\/wp\/v2\/posts\/4846\/revisions"}],"predecessor-version":[{"id":4851,"href":"https:\/\/vg-initiative.de\/index.php?rest_route=\/wp\/v2\/posts\/4846\/revisions\/4851"}],"wp:attachment":[{"href":"https:\/\/vg-initiative.de\/index.php?rest_route=%2Fwp%2Fv2%2Fmedia&parent=4846"}],"wp:term":[{"taxonomy":"category","embeddable":true,"href":"https:\/\/vg-initiative.de\/index.php?rest_route=%2Fwp%2Fv2%2Fcategories&post=4846"},{"taxonomy":"post_tag","embeddable":true,"href":"https:\/\/vg-initiative.de\/index.php?rest_route=%2Fwp%2Fv2%2Ftags&post=4846"}],"curies":[{"name":"wp","href":"https:\/\/api.w.org\/{rel}","templated":true}]}}