{"id":4858,"date":"2023-02-14T18:35:32","date_gmt":"2023-02-14T17:35:32","guid":{"rendered":"https:\/\/vg-initiative.de\/?p=4858"},"modified":"2023-02-14T18:35:34","modified_gmt":"2023-02-14T17:35:34","slug":"vg-exkursion-am-22-02-2023","status":"publish","type":"post","link":"https:\/\/vg-initiative.de\/?p=4858","title":{"rendered":"VG-Exkursion am 22.02.2023"},"content":{"rendered":"\n[et_pb_section fb_built=&#8220;1&#8243; admin_label=&#8220;section&#8220; _builder_version=&#8220;4.16&#8243; global_colors_info=&#8220;{}&#8220; theme_builder_area=&#8220;post_content&#8220;][et_pb_row admin_label=&#8220;row&#8220; _builder_version=&#8220;4.16&#8243; background_size=&#8220;initial&#8220; background_position=&#8220;top_left&#8220; background_repeat=&#8220;repeat&#8220; global_colors_info=&#8220;{}&#8220; theme_builder_area=&#8220;post_content&#8220;][et_pb_column type=&#8220;4_4&#8243; _builder_version=&#8220;4.16&#8243; custom_padding=&#8220;|||&#8220; global_colors_info=&#8220;{}&#8220; custom_padding__hover=&#8220;|||&#8220; theme_builder_area=&#8220;post_content&#8220;][et_pb_text admin_label=&#8220;Text&#8220; _builder_version=&#8220;4.16&#8243; background_color=&#8220;#07a1e2&#8243; background_size=&#8220;initial&#8220; background_position=&#8220;top_left&#8220; background_repeat=&#8220;repeat&#8220; text_orientation=&#8220;center&#8220; text_text_shadow_style=&#8220;preset2&#8243; text_text_shadow_color=&#8220;#000000&#8243; border_width_all=&#8220;20px&#8220; border_color_all=&#8220;#07a1e2&#8243; text_text_align=&#8220;center&#8220; global_colors_info=&#8220;{}&#8220; theme_builder_area=&#8220;post_content&#8220;][\/et_pb_text][\/et_pb_column][\/et_pb_row][et_pb_row admin_label=&#8220;row&#8220; _builder_version=&#8220;4.16&#8243; background_size=&#8220;initial&#8220; background_position=&#8220;top_left&#8220; background_repeat=&#8220;repeat&#8220; min_height=&#8220;1363px&#8220; custom_margin=&#8220;|auto|-232px|auto||&#8220; global_colors_info=&#8220;{}&#8220; theme_builder_area=&#8220;post_content&#8220;][et_pb_column type=&#8220;4_4&#8243; _builder_version=&#8220;4.16&#8243; custom_padding=&#8220;|||&#8220; global_colors_info=&#8220;{}&#8220; custom_padding__hover=&#8220;|||&#8220; theme_builder_area=&#8220;post_content&#8220;][et_pb_text admin_label=&#8220;Text&#8220; _builder_version=&#8220;4.16&#8243; background_size=&#8220;initial&#8220; background_position=&#8220;top_left&#8220; background_repeat=&#8220;repeat&#8220; global_colors_info=&#8220;{}&#8220; theme_builder_area=&#8220;post_content&#8220;]<div class=\"page\" title=\"Page 1\">\n<div class=\"layoutArea\">\n<div class=\"column\">\n<div class=\"page\" title=\"Page 1\">\n<div class=\"layoutArea\">\n<div class=\"column\">\n<div class=\"page\" title=\"Page 1\">\n<div class=\"layoutArea\">\n<div class=\"column\">\n<h1><span>Einladung zur VG-Exkursion <\/span><\/h1>\n<h1><span>Mittwoch, 22. Februar 2023<\/span><\/h1>\n<p><span><\/span><\/p>\n<p><span><\/span><\/p>\n<p><span><\/span><\/p>\n<p><span><\/span><\/p>\n<h1>Besuch des Josef Albers Museum Quadrat in Bottrop<\/h1>\n<\/div>\n<\/div>\n<\/div>\n<\/div>\n<\/div>\n<\/div>\n<\/div>\n<\/div>\n<\/div>\n<p>&nbsp;<\/p>[\/et_pb_text][et_pb_divider _builder_version=&#8220;4.16&#8243; global_colors_info=&#8220;{}&#8220; theme_builder_area=&#8220;post_content&#8220;][\/et_pb_divider][et_pb_text _builder_version=&#8220;4.19.4&#8243; hover_enabled=&#8220;0&#8243; global_colors_info=&#8220;{}&#8220; theme_builder_area=&#8220;post_content&#8220; sticky_enabled=&#8220;0&#8243;]<div class=\"page\" title=\"Page 1\">\n<div class=\"layoutArea\">\n<div class=\"column\">\n<div class=\"page\" title=\"Page 1\">\n<div class=\"layoutArea\">\n<div class=\"column\">\n<div class=\"page\" title=\"Page 1\">\n<div class=\"layoutArea\">\n<div class=\"column\">\n<p><strong><span style=\"font-size: x-large;\">Liebe VG-Freundinnen und VG-Freunde &#8211; Liebhaber.innen der konkreten Kunst!<\/span><\/strong><\/p>\n<p><strong><span style=\"font-size: x-large;\"><\/span><\/strong><\/p>\n<\/div>\n<\/div>\n<div class=\"layoutArea\">\n<div class=\"column\">\n<p><span>Wollen Sie dabei sein, wenn wir am Mittwoch, den 22. Februar 2023 zu unserer ersten VG-Reise in diesem Jahr nach Bottrop zum<\/span><\/p>\n<p><span><strong>Josef Albers Museum. Quadrat Bottrop<\/strong> fahren?<\/span><\/p>\n<p><span>Wir wollen ab ca. 12:15 Uhr die Sonderausstellung &#8218;Josef Albers. Huldigung an das Quadrat&#8216; und die neue Dauerausstellung mit Werken von Josef Albers besuchen. Ggfs. kann auch noch der am Museum befindliche Skulpturenpark besucht werden.<\/span><\/p>\n<p><span>Die Sonderausstellung enth\u00e4lt zahlreiche hochkar\u00e4tige Leihgaben aus internationalen Museen und w\u00fcrdigt den 1888 in Bottrop geborenen Josef Albers als einen der wichtigsten K\u00fcnstler des 20. Jahrhunderts.<\/span><\/p>\n<p><span><\/span><\/p>\n<p><span>Josef Albers erhielt eine Ausbildung zum Volksschullehrer, studierte anschlie\u00dfend an drei Kunstschulen. 1920 ging er, noch als Student, ans Bauhaus. 1922 wurde er Werkmeister und 1925, mit dem Umzug des Bauhauses nach Dessau, wurde er Bauhausmeister und 1930 stellvertretender Direktor. 1933 wurde das Bauhaus geschlossen und Josef Albers emigrierte mit seiner Frau Anneliese in die USA (er hatte zuvor Ruf an das neugegr\u00fcndete Black Mountain College in North Carolina erhalten). 1950 folgte die Berufung an die Yale University New Haven als Dekan im Fachbereich Design. Nun entsteht seine bekannteste Werkgruppe &#8218;Homage to the Square&#8216;, die er bis zu seinem Tod (1976) immer weiter entwickelt.<\/span><\/p>\n<p><span><\/span><\/p>\n<p><span>Internetaufruf f\u00fcr Vorabinformationen:\u00a0<\/span><span style=\"font-size: 18px;\">quadrat.bottrop.de<\/span><\/p>\n<p><span style=\"font-size: 18px;\"><\/span><\/p>\n<p><span style=\"font-size: 18px;\"><\/span><\/p>\n<p><strong>Hier der Reiseplan:<\/strong><\/p>\n<p><span>09:25 Uhr Treffen im Hauptbahnhof Osnabr\u00fcck <br \/>09:47 Uhr Abfahrt nach Bottrop \u00fcber\u00a0<\/span><span style=\"font-size: 18px;\">Recklinghausen (Umstieg) <br \/>11:29 Uhr Ankunft Bottrop Hbf<br \/><\/span><span style=\"font-size: 18px;\">11:40 Uhr Fahrt mit Bus SB16\/anschl. Fu\u00dfweg ca. 9 Min.<br \/><\/span><span>12:10 Uhr Beginn des Besuchs<br \/>14:30 Uhr Treffen an der Rezeption<br \/>14:35 Uhr Gang zum Caf\u00e9\/Restaurant La Ciosa (ganz in der N\u00e4he) <br \/>15:35 Uhr Aufbruch und Gang zur Bushaltestation &#8218;Hochschule&#8216; <br \/>15:50 Uhr Fahrt mit Bus SB16 zum Hbf Bottrop<br \/><\/span><span style=\"font-size: 18px;\">16:29 Uhr R\u00fcckfahrt nach Osnabr\u00fcck\u00a0<br \/><\/span><span style=\"font-size: 18px;\">18:19 Uhr Ankunft Osnabr\u00fcck Hbf<\/span><span style=\"font-size: 18px;\"><br \/><\/span><\/p>\n<p><span><\/span><\/p>\n<\/div>\n<\/div>\n<p>&nbsp;<\/p>\n<\/div>\n<div class=\"page\" title=\"Page 2\">\n<p><span style=\"font-size: 18px;\">Wir bitten um <\/span><span style=\"font-size: 18px;\">Teilnahmemeldung <\/span><span style=\"font-size: 18px;\">bis zum <\/span><span style=\"font-size: 18px;\">Sonntag den 19.02.2023 <\/span><span style=\"font-size: 18px;\">bei Wilhelm Rethmann,\u00a0<\/span><span style=\"font-size: 18px;\">Telefon 0541 430698 oder\u00a0<\/span><span style=\"font-size: 18px;\">eMail vera.rethmann@web.de<\/span><\/p>\n<div class=\"layoutArea\">\n<div class=\"column\">\n<p>&nbsp;<\/p>\n<\/div>\n<\/div>\n<div class=\"layoutArea\">\n<div class=\"column\">\n<p><span>F\u00fcr die Fahrt (Zug\/Bus), Museumseintritt und VG-Pauschale planen Sie bitte ca. 54,00 EUR pro Person ein. Bitte beachten Sie: wenn Sie mit uns fahren, tun Sie dieses auf eigenen Wunsch und auf eigene Gefahr. Eventuell nicht in Anspruch genommene Beitr\u00e4ge oder Leistungen kommen der Arbeit der VG-Initiative zugute<\/span><span>.<\/span><\/p>\n<\/div>\n<\/div>\n<\/div>\n<\/div>\n<\/div>\n<\/div>\n<\/div>\n<\/div>\n<\/div>[\/et_pb_text][et_pb_divider _builder_version=&#8220;4.16&#8243; global_colors_info=&#8220;{}&#8220; theme_builder_area=&#8220;post_content&#8220;][\/et_pb_divider][et_pb_text _builder_version=&#8220;4.19.4&#8243; hover_enabled=&#8220;0&#8243; global_colors_info=&#8220;{}&#8220; theme_builder_area=&#8220;post_content&#8220; sticky_enabled=&#8220;0&#8243;]<div class=\"page\" title=\"Page 1\">\n<div class=\"layoutArea\">\n<div class=\"column\">\n<p><span>Kontakt<\/span><span>: Dr. Hans Peterse, Ziegelstr. 29, 49074 Osnabr\u00fcck, Tel. 0541-22343, E-Mail: <\/span><span><a href=\"mailto:peterse@vg-initiative.de\">peterse@vg-initiative.de<\/a><\/span><\/p>\n<div class=\"page\" title=\"Page 2\">\n<div class=\"layoutArea\">\n<div class=\"column\">\n<div class=\"page\" title=\"Page 2\">\n<div class=\"layoutArea\">\n<div class=\"column\">\n<p>&nbsp;<\/p>\n<\/div>\n<\/div>\n<\/div>\n<\/div>\n<\/div>\n<\/div>\n<\/div>\n<\/div>\n<\/div>[\/et_pb_text][\/et_pb_column][\/et_pb_row][\/et_pb_section]\n","protected":false},"excerpt":{"rendered":"<p>Einladung zur VG-Exkursion Mittwoch, 22. Februar 2023 Besuch des Josef Albers Museum Quadrat in Bottrop &nbsp; Liebe VG-Freundinnen und VG-Freunde &#8211; Liebhaber.innen der konkreten Kunst! Wollen Sie dabei sein, wenn wir am Mittwoch, den 22. Februar 2023 zu unserer ersten VG-Reise in diesem Jahr nach Bottrop zum Josef Albers Museum. Quadrat Bottrop fahren? Wir wollen [&hellip;]<\/p>\n","protected":false},"author":1,"featured_media":0,"comment_status":"closed","ping_status":"open","sticky":false,"template":"","format":"standard","meta":{"_et_pb_use_builder":"on","_et_pb_old_content":"","_et_gb_content_width":"1080","footnotes":""},"categories":[1],"tags":[],"class_list":["post-4858","post","type-post","status-publish","format-standard","hentry","category-allgemein"],"_links":{"self":[{"href":"https:\/\/vg-initiative.de\/index.php?rest_route=\/wp\/v2\/posts\/4858"}],"collection":[{"href":"https:\/\/vg-initiative.de\/index.php?rest_route=\/wp\/v2\/posts"}],"about":[{"href":"https:\/\/vg-initiative.de\/index.php?rest_route=\/wp\/v2\/types\/post"}],"author":[{"embeddable":true,"href":"https:\/\/vg-initiative.de\/index.php?rest_route=\/wp\/v2\/users\/1"}],"replies":[{"embeddable":true,"href":"https:\/\/vg-initiative.de\/index.php?rest_route=%2Fwp%2Fv2%2Fcomments&post=4858"}],"version-history":[{"count":3,"href":"https:\/\/vg-initiative.de\/index.php?rest_route=\/wp\/v2\/posts\/4858\/revisions"}],"predecessor-version":[{"id":4862,"href":"https:\/\/vg-initiative.de\/index.php?rest_route=\/wp\/v2\/posts\/4858\/revisions\/4862"}],"wp:attachment":[{"href":"https:\/\/vg-initiative.de\/index.php?rest_route=%2Fwp%2Fv2%2Fmedia&parent=4858"}],"wp:term":[{"taxonomy":"category","embeddable":true,"href":"https:\/\/vg-initiative.de\/index.php?rest_route=%2Fwp%2Fv2%2Fcategories&post=4858"},{"taxonomy":"post_tag","embeddable":true,"href":"https:\/\/vg-initiative.de\/index.php?rest_route=%2Fwp%2Fv2%2Ftags&post=4858"}],"curies":[{"name":"wp","href":"https:\/\/api.w.org\/{rel}","templated":true}]}}