{"id":4864,"date":"2023-02-27T16:13:41","date_gmt":"2023-02-27T15:13:41","guid":{"rendered":"https:\/\/vg-initiative.de\/?p=4864"},"modified":"2023-02-27T16:13:43","modified_gmt":"2023-02-27T15:13:43","slug":"vg-treff-am-28-02-2023","status":"publish","type":"post","link":"https:\/\/vg-initiative.de\/?p=4864","title":{"rendered":"VG-Treff am 28.02.2023"},"content":{"rendered":"\n[et_pb_section fb_built=&#8220;1&#8243; admin_label=&#8220;section&#8220; _builder_version=&#8220;4.16&#8243; global_colors_info=&#8220;{}&#8220; theme_builder_area=&#8220;post_content&#8220;][et_pb_row admin_label=&#8220;row&#8220; _builder_version=&#8220;4.16&#8243; background_size=&#8220;initial&#8220; background_position=&#8220;top_left&#8220; background_repeat=&#8220;repeat&#8220; global_colors_info=&#8220;{}&#8220; theme_builder_area=&#8220;post_content&#8220;][et_pb_column type=&#8220;4_4&#8243; _builder_version=&#8220;4.16&#8243; custom_padding=&#8220;|||&#8220; global_colors_info=&#8220;{}&#8220; custom_padding__hover=&#8220;|||&#8220; theme_builder_area=&#8220;post_content&#8220;][et_pb_text admin_label=&#8220;Text&#8220; _builder_version=&#8220;4.16&#8243; background_color=&#8220;#07a1e2&#8243; background_size=&#8220;initial&#8220; background_position=&#8220;top_left&#8220; background_repeat=&#8220;repeat&#8220; text_orientation=&#8220;center&#8220; text_text_shadow_style=&#8220;preset2&#8243; text_text_shadow_color=&#8220;#000000&#8243; border_width_all=&#8220;20px&#8220; border_color_all=&#8220;#07a1e2&#8243; text_text_align=&#8220;center&#8220; global_colors_info=&#8220;{}&#8220; theme_builder_area=&#8220;post_content&#8220;]<h1><\/h1>\n&nbsp;[\/et_pb_text][et_pb_text _builder_version=&#8220;4.16&#8243; global_colors_info=&#8220;{}&#8220; theme_builder_area=&#8220;post_content&#8220;]<div class=\"page\" title=\"Page 1\">\n<table>\n<tbody>\n<tr>\n<td>\n<div class=\"layoutArea\">\n<div class=\"column\">\n<h1><span>Vordemberge-Gildewart-Treff am Dienstag, den 28.02.2023<\/span><\/h1>\n<\/div>\n<\/div>\n<\/td>\n<\/tr>\n<tr>\n<td><\/td>\n<\/tr>\n<tr>\n<td><\/td>\n<\/tr>\n<\/tbody>\n<\/table>\n<\/div>[\/et_pb_text][\/et_pb_column][\/et_pb_row][et_pb_row _builder_version=&#8220;4.19.4&#8243; _module_preset=&#8220;default&#8220; global_colors_info=&#8220;{}&#8220; theme_builder_area=&#8220;post_content&#8220;][et_pb_column type=&#8220;4_4&#8243; _builder_version=&#8220;4.19.4&#8243; _module_preset=&#8220;default&#8220; global_colors_info=&#8220;{}&#8220; theme_builder_area=&#8220;post_content&#8220;][et_pb_text _builder_version=&#8220;4.19.4&#8243; _module_preset=&#8220;default&#8220; hover_enabled=&#8220;0&#8243; global_colors_info=&#8220;{}&#8220; theme_builder_area=&#8220;post_content&#8220; sticky_enabled=&#8220;0&#8243;]<div class=\"page\" title=\"Page 1\">\n<table>\n<tbody>\n<tr>\n<td><\/td>\n<\/tr>\n<tr>\n<td>\n<div class=\"layoutArea\">\n<div class=\"column\">\n<div class=\"page\" title=\"Page 1\">\n<div class=\"section\">\n<div class=\"layoutArea\">\n<div class=\"column\">\n<p><span style=\"font-size: x-large;\"><strong>Vortrag<\/strong><\/span><\/p>\n<p><span>Dr. Janka Wagner: Die Debatten um die Neue Sachlichkeit in den Niederlanden 1925-1940<\/span><\/p>\n<p><span>Beginn: 16:30 Uhr. Ende: 17:30 Uhr.<\/span><\/p>\n<p><span>Ort: Felix Nussbaum-Haus (Veranstaltungssaal), Lotter Str. 2, 49078 Osnabr\u00fcck<\/span><\/p>\n<p><span>Eine Anmeldung ist nicht erforderlich.<\/span><\/p>\n<\/div>\n<\/div>\n<\/div>\n<\/div>\n<\/div>\n<\/div>\n<\/td>\n<\/tr>\n<tr>\n<td>\n<div class=\"layoutArea\">\n<div class=\"column\">\n<div class=\"page\" title=\"Page 2\">\n<div class=\"layoutArea\">\n<div class=\"column\">\n<p><span>Die Neue Sachlichkeit ist eine Str\u00f6mung in der Kunst und Literatur, die in der Epoche nach dem Ersten Weltkrieg entstand. Sie orientiert sich an der \u00e4u\u00dferen Wirklichkeit, an der Realit\u00e4t. Die Reportageliteratur ist ebenso wie das epische Theater eines Bertolt Brechts dazu zu rechnen.<\/span><\/p>\n<p><span>Dr. Janka Wagner ist wissenschaftliche Mitarbei- terin f\u00fcr Kulturwissenschaft am Zentrum f\u00fcr Nie- derlande-Studien in M\u00fcnster. Sie studierte Ger- manistik und Niederlandistik in Oldenburg und Leiden. Sie promovierte in Oldenburg mit einer Arbeit \u00fcber die Debatten um die Neue Sachlich- keit in den Niederlanden zwischen 1925 und 1940.<\/span><\/p>\n<\/div>\n<\/div>\n<\/div>\n<\/div>\n<\/div>\n<\/td>\n<\/tr>\n<\/tbody>\n<\/table>\n<div class=\"layoutArea\">\n<div class=\"column\">\n<p>&nbsp;<\/p>\n<\/div>\n<\/div>\n<\/div>[\/et_pb_text][\/et_pb_column][\/et_pb_row][et_pb_row _builder_version=&#8220;4.16&#8243; global_colors_info=&#8220;{}&#8220; theme_builder_area=&#8220;post_content&#8220;][et_pb_column type=&#8220;4_4&#8243; _builder_version=&#8220;4.16&#8243; global_colors_info=&#8220;{}&#8220; theme_builder_area=&#8220;post_content&#8220;][\/et_pb_column][\/et_pb_row][\/et_pb_section]\n","protected":false},"excerpt":{"rendered":"<p>&nbsp; Vordemberge-Gildewart-Treff am Dienstag, den 28.02.2023 Vortrag Dr. Janka Wagner: Die Debatten um die Neue Sachlichkeit in den Niederlanden 1925-1940 Beginn: 16:30 Uhr. Ende: 17:30 Uhr. Ort: Felix Nussbaum-Haus (Veranstaltungssaal), Lotter Str. 2, 49078 Osnabr\u00fcck Eine Anmeldung ist nicht erforderlich. Die Neue Sachlichkeit ist eine Str\u00f6mung in der Kunst und Literatur, die in der Epoche [&hellip;]<\/p>\n","protected":false},"author":1,"featured_media":0,"comment_status":"closed","ping_status":"open","sticky":false,"template":"","format":"standard","meta":{"_et_pb_use_builder":"on","_et_pb_old_content":"","_et_gb_content_width":"1080","footnotes":""},"categories":[1],"tags":[],"class_list":["post-4864","post","type-post","status-publish","format-standard","hentry","category-allgemein"],"_links":{"self":[{"href":"https:\/\/vg-initiative.de\/index.php?rest_route=\/wp\/v2\/posts\/4864"}],"collection":[{"href":"https:\/\/vg-initiative.de\/index.php?rest_route=\/wp\/v2\/posts"}],"about":[{"href":"https:\/\/vg-initiative.de\/index.php?rest_route=\/wp\/v2\/types\/post"}],"author":[{"embeddable":true,"href":"https:\/\/vg-initiative.de\/index.php?rest_route=\/wp\/v2\/users\/1"}],"replies":[{"embeddable":true,"href":"https:\/\/vg-initiative.de\/index.php?rest_route=%2Fwp%2Fv2%2Fcomments&post=4864"}],"version-history":[{"count":3,"href":"https:\/\/vg-initiative.de\/index.php?rest_route=\/wp\/v2\/posts\/4864\/revisions"}],"predecessor-version":[{"id":4868,"href":"https:\/\/vg-initiative.de\/index.php?rest_route=\/wp\/v2\/posts\/4864\/revisions\/4868"}],"wp:attachment":[{"href":"https:\/\/vg-initiative.de\/index.php?rest_route=%2Fwp%2Fv2%2Fmedia&parent=4864"}],"wp:term":[{"taxonomy":"category","embeddable":true,"href":"https:\/\/vg-initiative.de\/index.php?rest_route=%2Fwp%2Fv2%2Fcategories&post=4864"},{"taxonomy":"post_tag","embeddable":true,"href":"https:\/\/vg-initiative.de\/index.php?rest_route=%2Fwp%2Fv2%2Ftags&post=4864"}],"curies":[{"name":"wp","href":"https:\/\/api.w.org\/{rel}","templated":true}]}}