{"id":4903,"date":"2023-04-05T21:08:39","date_gmt":"2023-04-05T19:08:39","guid":{"rendered":"https:\/\/vg-initiative.de\/?p=4903"},"modified":"2023-04-05T21:09:39","modified_gmt":"2023-04-05T19:09:39","slug":"rueckblick-auf-den-vg-treff-am-28-03-2023","status":"publish","type":"post","link":"https:\/\/vg-initiative.de\/?p=4903","title":{"rendered":"R\u00fcckblick auf den VG-Treff am 28.03.2023"},"content":{"rendered":"\n\n[et_pb_section fb_built=&#8220;1&#8243; admin_label=&#8220;section&#8220; _builder_version=&#8220;4.16&#8243; global_colors_info=&#8220;{}&#8220;][et_pb_row admin_label=&#8220;row&#8220; _builder_version=&#8220;4.16&#8243; background_size=&#8220;initial&#8220; background_position=&#8220;top_left&#8220; background_repeat=&#8220;repeat&#8220; global_colors_info=&#8220;{}&#8220;][et_pb_column type=&#8220;4_4&#8243; _builder_version=&#8220;4.16&#8243; custom_padding=&#8220;|||&#8220; global_colors_info=&#8220;{}&#8220; custom_padding__hover=&#8220;|||&#8220;][et_pb_text admin_label=&#8220;Text&#8220; _builder_version=&#8220;4.16&#8243; background_color=&#8220;#07a1e2&#8243; background_size=&#8220;initial&#8220; background_position=&#8220;top_left&#8220; background_repeat=&#8220;repeat&#8220; text_orientation=&#8220;center&#8220; text_text_shadow_style=&#8220;preset2&#8243; text_text_shadow_color=&#8220;#000000&#8243; border_width_all=&#8220;20px&#8220; border_color_all=&#8220;#07a1e2&#8243; text_text_align=&#8220;center&#8220; global_colors_info=&#8220;{}&#8220;]<h1><\/h1>\n&nbsp;[\/et_pb_text][et_pb_text _builder_version=&#8220;4.16&#8243; global_colors_info=&#8220;{}&#8220;]<div class=\"page\" title=\"Page 1\">\n<table>\n<tbody>\n<tr>\n<td>\n<div class=\"layoutArea\">\n<div class=\"column\">\n<h1><span>R\u00fcckblick auf den Vordemberge-Gildewart-Treff am Dienstag, den 28.03.2023<\/span><\/h1>\n<\/div>\n<\/div>\n<\/td>\n<\/tr>\n<tr>\n<td><\/td>\n<\/tr>\n<tr>\n<td>\n<div class=\"page\" title=\"Page 1\">\n<div class=\"section\">\n<div class=\"layoutArea\">\n<div class=\"column\">\n<p><span style=\"font-size: x-large;\">Sven J\u00fcrgensen im Gespr\u00e4ch mit Hans Peterse \u00fcber\u00a0<br \/><\/span><span style=\"font-size: x-large;\">Erich Maria Remarque \u2013 Daniel Libeskind &#8211; Friedrich Vordemberge-Gildewart<\/span><\/p>\n<p><span style=\"font-size: x-large;\"><\/span><\/p>\n<p>&nbsp;<\/p>\n<\/div>\n<\/div>\n<\/div>\n<\/div>\n<\/td>\n<\/tr>\n<\/tbody>\n<\/table>\n<\/div>[\/et_pb_text][\/et_pb_column][\/et_pb_row][et_pb_row _builder_version=&#8220;4.20.0&#8243; _module_preset=&#8220;default&#8220; global_colors_info=&#8220;{}&#8220;][et_pb_column type=&#8220;4_4&#8243; _builder_version=&#8220;4.20.0&#8243; _module_preset=&#8220;default&#8220; global_colors_info=&#8220;{}&#8220;][et_pb_image src=&#8220;https:\/\/vg-initiative.de\/wp-content\/uploads\/2023\/04\/2d15a9f0-dcd2-45ff-b043-0a896d7431bf.jpeg&#8220; title_text=&#8220;2d15a9f0-dcd2-45ff-b043-0a896d7431bf&#8220; align=&#8220;center&#8220; _builder_version=&#8220;4.20.0&#8243; _module_preset=&#8220;default&#8220; global_colors_info=&#8220;{}&#8220;][\/et_pb_image][\/et_pb_column][\/et_pb_row][et_pb_row _builder_version=&#8220;4.19.4&#8243; _module_preset=&#8220;default&#8220; global_colors_info=&#8220;{}&#8220;][et_pb_column type=&#8220;4_4&#8243; _builder_version=&#8220;4.19.4&#8243; _module_preset=&#8220;default&#8220; global_colors_info=&#8220;{}&#8220;][et_pb_text _builder_version=&#8220;4.19.4&#8243; _module_preset=&#8220;default&#8220; custom_padding=&#8220;|||0px||&#8220; global_colors_info=&#8220;{}&#8220;]<div class=\"page\" title=\"Page 1\">\n<table>\n<tbody>\n<tr>\n<td><\/td>\n<\/tr>\n<tr>\n<td>\n<div class=\"layoutArea\">\n<div class=\"column\">\n<div class=\"page\" title=\"Page 1\">\n<div class=\"section\">\n<div class=\"layoutArea\">\n<div class=\"column\">\n<div class=\"page\" title=\"Page 1\">\n<table>\n<tbody>\n<tr>\n<td>\n<div class=\"page\" title=\"Page 1\">\n<table>\n<tbody>\n<tr>\n<td><\/td>\n<\/tr>\n<tr>\n<td>\n<div class=\"layoutArea\">\n<div class=\"column\">\n<p><span style=\"font-size: x-large;\"><strong>Ein R\u00fcckblick<\/strong><\/span><\/p>\n<p><span>Seit Anfang 2023 hat Dr. Sven J\u00fcrgensen kommissarisch die Stelle des Direktors des Erich-Maria-Remarque-Friedenszentrums in Osnabr\u00fcck inne. Im Rahmen des VG-Treffs f\u00fchrte Hans Peterse am 28. M\u00e4rz 2023 im Felix-Nussbaum-Haus ein Gespr\u00e4ch mit Sven J\u00fcrgensen. Neben Remarque und <\/span><span>Im Westen nichts Neues <\/span><span>kamen auch Felix Nussbaum, Daniel Libeskind (als Architekt des Felix-Nussbaum-Hauses) und Friedrich Vordemberge-Gildewart zur Sprache.-<\/span><\/p>\n<\/div>\n<\/div>\n<\/td>\n<\/tr>\n<tr>\n<td>\n<div class=\"layoutArea\">\n<div class=\"column\">\n<p><span style=\"font-size: 18px;\">Als Leitpfaden f\u00fcr das Gespr\u00e4ch diente Sven J\u00fcrgensens 2022 erschienene gro\u00dfe Monografie <\/span><span style=\"font-size: 18px;\">Felix TRaum. Felix Nussbaums Bilder in Daniel Libeskinds R\u00e4umen<\/span><span style=\"font-size: 18px;\">. In diesem Werk befasst er sich mit der Wechselwirkung zwischen<\/span><\/p>\n<div class=\"page\" title=\"Page 2\">\n<div class=\"section\">\n<div class=\"layoutArea\">\n<div class=\"column\">\n<p><span>Nussbaums Bilderwelt und der Architektur Libeskinds.<\/span><\/p>\n<\/div>\n<\/div>\n<\/div>\n<\/div>\n<\/div>\n<\/div>\n<\/td>\n<\/tr>\n<\/tbody>\n<\/table>\n<\/div>\n<\/td>\n<\/tr>\n<tr>\n<td>\n<div class=\"page\" title=\"Page 2\">\n<table>\n<tbody>\n<tr>\n<td>\n<div class=\"layoutArea\">\n<div class=\"column\">\n<div class=\"page\" title=\"Page 2\">\n<table>\n<tbody>\n<tr>\n<td><\/td>\n<\/tr>\n<tr>\n<td>\n<div class=\"layoutArea\">\n<div class=\"column\">\n<p><span>Im Interview betonte J\u00fcrgensen, dass Felix Nussbaum schon in der Anfangsphase seiner Karriere in Berlin am Ende der zwanziger und Anfang der drei\u00dfiger Jahre von Kollegen und Kritikern als bedeutender K\u00fcnstler wahrgenommen wurde. In dieser Zeit ver\u00f6ffentlichte Remarque seinen gro- \u00dfen Roman \u00fcber den Ersten Weltkrieg und feierte Vordemberge-Gildewart erste Erfolge in Hannover und Paris. J\u00fcrgensen pl\u00e4dierte daf\u00fcr, Nussbaum, Remarque und Vordemberge-Gildewart (wie auch Hans Calmeyer) nicht isoliert voneinander zu betrachten, sondern die Querverbindungen (biogra- fische wie gesellschaftliche) zwischen ihnen auszuloten.<\/span><\/p>\n<\/div>\n<\/div>\n<\/td>\n<\/tr>\n<tr>\n<td>\n<div class=\"layoutArea\">\n<div class=\"column\">\n<p><span>Das Publikum hatte nach dem Gespr\u00e4ch Gelegenheit, Fragen zu stellen und mit zu diskutieren. Nach der Veranstaltung fand in der Lagerhalle ein Abendessen mit Sven J\u00fcrgensen statt, wo die Gespr\u00e4che fortgesetzt werden konnten.<\/span><\/p>\n<\/div>\n<\/div>\n<\/td>\n<\/tr>\n<\/tbody>\n<\/table>\n<\/div>\n<\/div>\n<\/div>\n<\/td>\n<\/tr>\n<tr>\n<td>\n<div class=\"layoutArea\">\n<div class=\"column\">\n<p>&nbsp;<\/p>\n<\/div>\n<\/div>\n<\/td>\n<\/tr>\n<\/tbody>\n<\/table>\n<\/div>\n<\/td>\n<\/tr>\n<tr>\n<td>\n<div class=\"layoutArea\">\n<div class=\"column\">\n<div class=\"page\" title=\"Page 3\">\n<div class=\"layoutArea\">\n<div class=\"column\"><\/div>\n<\/div>\n<div class=\"layoutArea\">\n<div class=\"column\">\n<p>&nbsp;<\/p>\n<\/div>\n<\/div>\n<\/div>\n<\/div>\n<\/div>\n<\/td>\n<\/tr>\n<\/tbody>\n<\/table>\n<div class=\"layoutArea\">\n<div class=\"column\">\n<p>&nbsp;<\/p>\n<\/div>\n<\/div>\n<\/div>\n<\/div>\n<\/div>\n<\/div>\n<\/div>\n<\/div>\n<\/div>\n<\/td>\n<\/tr>\n<tr>\n<td>\n<div class=\"layoutArea\">\n<div class=\"column\">\n<div class=\"page\" title=\"Page 2\">\n<div class=\"layoutArea\">\n<div class=\"column\">\n<p>&nbsp;<\/p>\n<\/div>\n<\/div>\n<\/div>\n<\/div>\n<\/div>\n<\/td>\n<\/tr>\n<\/tbody>\n<\/table>\n<div class=\"layoutArea\">\n<div class=\"column\">\n<p>&nbsp;<\/p>\n<\/div>\n<\/div>\n<\/div>[\/et_pb_text][\/et_pb_column][\/et_pb_row][et_pb_row _builder_version=&#8220;4.16&#8243; global_colors_info=&#8220;{}&#8220;][et_pb_column type=&#8220;4_4&#8243; _builder_version=&#8220;4.16&#8243; global_colors_info=&#8220;{}&#8220;][\/et_pb_column][\/et_pb_row][\/et_pb_section]\n\n","protected":false},"excerpt":{"rendered":"<p>&nbsp; R\u00fcckblick auf den Vordemberge-Gildewart-Treff am Dienstag, den 28.03.2023 Sven J\u00fcrgensen im Gespr\u00e4ch mit Hans Peterse \u00fcber\u00a0Erich Maria Remarque \u2013 Daniel Libeskind &#8211; Friedrich Vordemberge-Gildewart &nbsp; Ein R\u00fcckblick Seit Anfang 2023 hat Dr. Sven J\u00fcrgensen kommissarisch die Stelle des Direktors des Erich-Maria-Remarque-Friedenszentrums in Osnabr\u00fcck inne. Im Rahmen des VG-Treffs f\u00fchrte Hans Peterse am 28. M\u00e4rz [&hellip;]<\/p>\n","protected":false},"author":1,"featured_media":4895,"comment_status":"closed","ping_status":"open","sticky":false,"template":"","format":"standard","meta":{"_et_pb_use_builder":"on","_et_pb_old_content":"","_et_gb_content_width":"1080","footnotes":""},"categories":[1],"tags":[],"class_list":["post-4903","post","type-post","status-publish","format-standard","has-post-thumbnail","hentry","category-allgemein"],"_links":{"self":[{"href":"https:\/\/vg-initiative.de\/index.php?rest_route=\/wp\/v2\/posts\/4903"}],"collection":[{"href":"https:\/\/vg-initiative.de\/index.php?rest_route=\/wp\/v2\/posts"}],"about":[{"href":"https:\/\/vg-initiative.de\/index.php?rest_route=\/wp\/v2\/types\/post"}],"author":[{"embeddable":true,"href":"https:\/\/vg-initiative.de\/index.php?rest_route=\/wp\/v2\/users\/1"}],"replies":[{"embeddable":true,"href":"https:\/\/vg-initiative.de\/index.php?rest_route=%2Fwp%2Fv2%2Fcomments&post=4903"}],"version-history":[{"count":4,"href":"https:\/\/vg-initiative.de\/index.php?rest_route=\/wp\/v2\/posts\/4903\/revisions"}],"predecessor-version":[{"id":4909,"href":"https:\/\/vg-initiative.de\/index.php?rest_route=\/wp\/v2\/posts\/4903\/revisions\/4909"}],"wp:featuredmedia":[{"embeddable":true,"href":"https:\/\/vg-initiative.de\/index.php?rest_route=\/wp\/v2\/media\/4895"}],"wp:attachment":[{"href":"https:\/\/vg-initiative.de\/index.php?rest_route=%2Fwp%2Fv2%2Fmedia&parent=4903"}],"wp:term":[{"taxonomy":"category","embeddable":true,"href":"https:\/\/vg-initiative.de\/index.php?rest_route=%2Fwp%2Fv2%2Fcategories&post=4903"},{"taxonomy":"post_tag","embeddable":true,"href":"https:\/\/vg-initiative.de\/index.php?rest_route=%2Fwp%2Fv2%2Ftags&post=4903"}],"curies":[{"name":"wp","href":"https:\/\/api.w.org\/{rel}","templated":true}]}}