{"id":4923,"date":"2023-04-08T12:29:20","date_gmt":"2023-04-08T10:29:20","guid":{"rendered":"https:\/\/vg-initiative.de\/?p=4923"},"modified":"2023-04-21T17:28:38","modified_gmt":"2023-04-21T15:28:38","slug":"vg-treff-am-25-04-2023","status":"publish","type":"post","link":"https:\/\/vg-initiative.de\/?p=4923","title":{"rendered":"VG-Treff am 25.04.2023"},"content":{"rendered":"<p>[et_pb_section fb_built=&#8220;1&#8243; admin_label=&#8220;section&#8220; _builder_version=&#8220;4.16&#8243; global_colors_info=&#8220;{}&#8220;][et_pb_row admin_label=&#8220;row&#8220; _builder_version=&#8220;4.16&#8243; background_size=&#8220;initial&#8220; background_position=&#8220;top_left&#8220; background_repeat=&#8220;repeat&#8220; global_colors_info=&#8220;{}&#8220;][et_pb_column type=&#8220;4_4&#8243; _builder_version=&#8220;4.16&#8243; custom_padding=&#8220;|||&#8220; global_colors_info=&#8220;{}&#8220; custom_padding__hover=&#8220;|||&#8220;][et_pb_text admin_label=&#8220;Text&#8220; _builder_version=&#8220;4.16&#8243; background_color=&#8220;#07a1e2&#8243; background_size=&#8220;initial&#8220; background_position=&#8220;top_left&#8220; background_repeat=&#8220;repeat&#8220; text_orientation=&#8220;center&#8220; text_text_shadow_style=&#8220;preset2&#8243; text_text_shadow_color=&#8220;#000000&#8243; border_width_all=&#8220;20px&#8220; border_color_all=&#8220;#07a1e2&#8243; text_text_align=&#8220;center&#8220; global_colors_info=&#8220;{}&#8220;]<\/p>\n<h1><\/h1>\n<p>&nbsp;[\/et_pb_text][et_pb_text _builder_version=&#8220;4.16&#8243; global_colors_info=&#8220;{}&#8220;]<\/p>\n<div class=\"page\" title=\"Page 1\">\n<table>\n<tbody>\n<tr>\n<td>\n<div class=\"layoutArea\">\n<div class=\"column\">\n<h1><span>Vordemberge-Gildewart-Treff am Dienstag, den 25.04.2023<\/span><\/h1>\n<\/div>\n<\/div>\n<\/td>\n<\/tr>\n<tr>\n<td><\/td>\n<\/tr>\n<tr>\n<td>\n<div class=\"page\" title=\"Page 1\">\n<div class=\"section\">\n<div class=\"layoutArea\">\n<div class=\"column\">\n<div class=\"default-style\">Lieber VG-Kreis und andere Kunstinteressierte,<\/div>\n<div class=\"default-style\">\u00a0<\/div>\n<div class=\"default-style\">der n\u00e4chste VG-Treff findet am Dienstag, den 25. April 2023, im Akzisehaus (Museumsquartier Osnabr\u00fcck) statt.<\/div>\n<div class=\"default-style\"><\/div>\n<div class=\"default-style\"><\/div>\n<div class=\"default-style\">Dr. Eva Berger pr\u00e4sentiert das Filmprojekt \u00fcber Otto Meyer. Achten Sie bitte auf die Anfangszeit:\u00a0\u00a0<strong>19:00 Uhr<\/strong><\/div>\n<div class=\"default-style\">\u00a0<\/div>\n<div class=\"default-style\">Es stehen im Akzisehaus maximal 60 Pl\u00e4tze zur Verf\u00fcgung.<\/div>\n<div class=\"default-style\"><\/div>\n<div class=\"default-style\"><\/div>\n<div class=\"default-style\"><\/div>\n<div class=\"default-style\"><\/div>\n<div class=\"default-style\">Deshalb bitten wir um eine Anmeldung bei der B\u00fcrgerstiftung Osnabr\u00fcck, <a href=\"mailto:buergerstiftung@osnabrueck.de\">buergerstiftung@osnabrueck.de<\/a> oder tel. 0541-3231000.<\/div>\n<div class=\"default-style\">\u00a0<\/div>\n<\/div>\n<\/div>\n<\/div>\n<\/div>\n<\/td>\n<\/tr>\n<\/tbody>\n<\/table>\n<\/div>\n<p>[\/et_pb_text][et_pb_image src=&#8220;https:\/\/vg-initiative.de\/wp-content\/uploads\/2023\/04\/Page-1-scaled.jpg&#8220; _builder_version=&#8220;4.20.4&#8243; _module_preset=&#8220;default&#8220; title_text=&#8220;Page 1&#8243; hover_enabled=&#8220;0&#8243; sticky_enabled=&#8220;0&#8243;][\/et_pb_image][et_pb_image src=&#8220;https:\/\/vg-initiative.de\/wp-content\/uploads\/2023\/04\/Page-2-scaled.jpg&#8220; _builder_version=&#8220;4.20.4&#8243; _module_preset=&#8220;default&#8220; title_text=&#8220;Page 2&#8243; hover_enabled=&#8220;0&#8243; sticky_enabled=&#8220;0&#8243;][\/et_pb_image][\/et_pb_column][\/et_pb_row][\/et_pb_section]<\/p>\n","protected":false},"excerpt":{"rendered":"<p>&nbsp; Vordemberge-Gildewart-Treff am Dienstag, den 25.04.2023 Lieber VG-Kreis und andere Kunstinteressierte, \u00a0 der n\u00e4chste VG-Treff findet am Dienstag, den 25. April 2023, im Akzisehaus (Museumsquartier Osnabr\u00fcck) statt. Dr. Eva Berger pr\u00e4sentiert das Filmprojekt \u00fcber Otto Meyer. Achten Sie bitte auf die Anfangszeit:\u00a0\u00a019:00 Uhr \u00a0 Es stehen im Akzisehaus maximal 60 Pl\u00e4tze zur Verf\u00fcgung. Deshalb bitten [&hellip;]<\/p>\n","protected":false},"author":1,"featured_media":4766,"comment_status":"closed","ping_status":"open","sticky":false,"template":"","format":"standard","meta":{"_et_pb_use_builder":"on","_et_pb_old_content":"","_et_gb_content_width":"1080","footnotes":""},"categories":[1],"tags":[],"class_list":["post-4923","post","type-post","status-publish","format-standard","has-post-thumbnail","hentry","category-allgemein"],"_links":{"self":[{"href":"https:\/\/vg-initiative.de\/index.php?rest_route=\/wp\/v2\/posts\/4923"}],"collection":[{"href":"https:\/\/vg-initiative.de\/index.php?rest_route=\/wp\/v2\/posts"}],"about":[{"href":"https:\/\/vg-initiative.de\/index.php?rest_route=\/wp\/v2\/types\/post"}],"author":[{"embeddable":true,"href":"https:\/\/vg-initiative.de\/index.php?rest_route=\/wp\/v2\/users\/1"}],"replies":[{"embeddable":true,"href":"https:\/\/vg-initiative.de\/index.php?rest_route=%2Fwp%2Fv2%2Fcomments&post=4923"}],"version-history":[{"count":4,"href":"https:\/\/vg-initiative.de\/index.php?rest_route=\/wp\/v2\/posts\/4923\/revisions"}],"predecessor-version":[{"id":4935,"href":"https:\/\/vg-initiative.de\/index.php?rest_route=\/wp\/v2\/posts\/4923\/revisions\/4935"}],"wp:featuredmedia":[{"embeddable":true,"href":"https:\/\/vg-initiative.de\/index.php?rest_route=\/wp\/v2\/media\/4766"}],"wp:attachment":[{"href":"https:\/\/vg-initiative.de\/index.php?rest_route=%2Fwp%2Fv2%2Fmedia&parent=4923"}],"wp:term":[{"taxonomy":"category","embeddable":true,"href":"https:\/\/vg-initiative.de\/index.php?rest_route=%2Fwp%2Fv2%2Fcategories&post=4923"},{"taxonomy":"post_tag","embeddable":true,"href":"https:\/\/vg-initiative.de\/index.php?rest_route=%2Fwp%2Fv2%2Ftags&post=4923"}],"curies":[{"name":"wp","href":"https:\/\/api.w.org\/{rel}","templated":true}]}}