{"id":5104,"date":"2023-08-30T12:49:59","date_gmt":"2023-08-30T10:49:59","guid":{"rendered":"https:\/\/vg-initiative.de\/?p=5104"},"modified":"2023-08-30T12:51:14","modified_gmt":"2023-08-30T10:51:14","slug":"presseberichte-zum-vg-treff-am-18-08-2023","status":"publish","type":"post","link":"https:\/\/vg-initiative.de\/?p=5104","title":{"rendered":"Presseberichte zum VG-Treff am 18.08.2023"},"content":{"rendered":"\n[et_pb_section fb_built=&#8220;1&#8243; _builder_version=&#8220;4.16&#8243; custom_padding=&#8220;54px|||||&#8220; global_colors_info=&#8220;{}&#8220; theme_builder_area=&#8220;post_content&#8220;][et_pb_row _builder_version=&#8220;4.16&#8243; global_colors_info=&#8220;{}&#8220; theme_builder_area=&#8220;post_content&#8220;][et_pb_column type=&#8220;4_4&#8243; _builder_version=&#8220;4.16&#8243; global_colors_info=&#8220;{}&#8220; theme_builder_area=&#8220;post_content&#8220;][et_pb_image src=&#8220;https:\/\/vg-initiative.de\/wp-content\/uploads\/2023\/08\/VG_Kunsthalle_230818_Einladung_04t.jpg&#8220; title_text=&#8220;VG_Kunsthalle_230818_Einladung_04t&#8220; show_in_lightbox=&#8220;on&#8220; _builder_version=&#8220;4.20.4&#8243; global_colors_info=&#8220;{}&#8220; theme_builder_area=&#8220;post_content&#8220;][\/et_pb_image][\/et_pb_column][\/et_pb_row][et_pb_row _builder_version=&#8220;4.20.4&#8243; _module_preset=&#8220;default&#8220; theme_builder_area=&#8220;post_content&#8220;][et_pb_column _builder_version=&#8220;4.20.4&#8243; _module_preset=&#8220;default&#8220; type=&#8220;4_4&#8243; theme_builder_area=&#8220;post_content&#8220;][et_pb_text _builder_version=&#8220;4.20.4&#8243; _module_preset=&#8220;default&#8220; theme_builder_area=&#8220;post_content&#8220; hover_enabled=&#8220;0&#8243; sticky_enabled=&#8220;0&#8243;]<p>Die Osnabr\u00fccker Rundschau berichtet am 26.08.2023 \u00fcber uns. Sie finden den Artikel auf der Webseite der Osnabr\u00fccker Rundschau hier: <a href=\"https:\/\/os-rundschau.de\/featured\/exil-krieg-und-die-abstrakten\/\">os-rundschau.de\/featured\/exil-krieg-und-die-abstrakten<\/a><\/p>[\/et_pb_text][\/et_pb_column][\/et_pb_row][\/et_pb_section]\n","protected":false},"excerpt":{"rendered":"<p>Die Osnabr\u00fccker Rundschau berichtet am 26.08.2023 \u00fcber uns. Sie finden den Artikel auf der Webseite der Osnabr\u00fccker Rundschau hier: os-rundschau.de\/featured\/exil-krieg-und-die-abstrakten<\/p>\n","protected":false},"author":1,"featured_media":5079,"comment_status":"closed","ping_status":"open","sticky":false,"template":"","format":"standard","meta":{"_et_pb_use_builder":"on","_et_pb_old_content":"","_et_gb_content_width":"1080","footnotes":""},"categories":[1],"tags":[],"class_list":["post-5104","post","type-post","status-publish","format-standard","has-post-thumbnail","hentry","category-allgemein"],"_links":{"self":[{"href":"https:\/\/vg-initiative.de\/index.php?rest_route=\/wp\/v2\/posts\/5104"}],"collection":[{"href":"https:\/\/vg-initiative.de\/index.php?rest_route=\/wp\/v2\/posts"}],"about":[{"href":"https:\/\/vg-initiative.de\/index.php?rest_route=\/wp\/v2\/types\/post"}],"author":[{"embeddable":true,"href":"https:\/\/vg-initiative.de\/index.php?rest_route=\/wp\/v2\/users\/1"}],"replies":[{"embeddable":true,"href":"https:\/\/vg-initiative.de\/index.php?rest_route=%2Fwp%2Fv2%2Fcomments&post=5104"}],"version-history":[{"count":3,"href":"https:\/\/vg-initiative.de\/index.php?rest_route=\/wp\/v2\/posts\/5104\/revisions"}],"predecessor-version":[{"id":5109,"href":"https:\/\/vg-initiative.de\/index.php?rest_route=\/wp\/v2\/posts\/5104\/revisions\/5109"}],"wp:featuredmedia":[{"embeddable":true,"href":"https:\/\/vg-initiative.de\/index.php?rest_route=\/wp\/v2\/media\/5079"}],"wp:attachment":[{"href":"https:\/\/vg-initiative.de\/index.php?rest_route=%2Fwp%2Fv2%2Fmedia&parent=5104"}],"wp:term":[{"taxonomy":"category","embeddable":true,"href":"https:\/\/vg-initiative.de\/index.php?rest_route=%2Fwp%2Fv2%2Fcategories&post=5104"},{"taxonomy":"post_tag","embeddable":true,"href":"https:\/\/vg-initiative.de\/index.php?rest_route=%2Fwp%2Fv2%2Ftags&post=5104"}],"curies":[{"name":"wp","href":"https:\/\/api.w.org\/{rel}","templated":true}]}}