{"id":5575,"date":"2025-12-03T21:17:03","date_gmt":"2025-12-03T20:17:03","guid":{"rendered":"https:\/\/vg-initiative.de\/?p=5575"},"modified":"2025-12-04T21:10:27","modified_gmt":"2025-12-04T20:10:27","slug":"vg-kulturfruehstueck-am-11-dezember-2025","status":"publish","type":"post","link":"https:\/\/vg-initiative.de\/?p=5575","title":{"rendered":"VG Kulturfr\u00fchst\u00fcck am 11. Dezember 2025"},"content":{"rendered":"<p>[et_pb_section fb_built=&#8220;1&#8243; _builder_version=&#8220;4.27.0&#8243; _module_preset=&#8220;default&#8220; global_colors_info=&#8220;{}&#8220;][et_pb_row _builder_version=&#8220;4.27.0&#8243; _module_preset=&#8220;default&#8220; global_colors_info=&#8220;{}&#8220;][et_pb_column type=&#8220;4_4&#8243; _builder_version=&#8220;4.27.0&#8243; _module_preset=&#8220;default&#8220; global_colors_info=&#8220;{}&#8220;][et_pb_image src=&#8220;https:\/\/vg-initiative.de\/wp-content\/uploads\/2025\/12\/VG-Kulturfruehstueck-Cafe-Carl-Anmeldung.Bestellung-pdf.jpg&#8220; title_text=&#8220;VG-Kulturfr\u00fchst\u00fcck-Caf\u00e9-Carl-Anmeldung.Bestellung&#8220; _builder_version=&#8220;4.27.0&#8243; _module_preset=&#8220;default&#8220; global_colors_info=&#8220;{}&#8220;][\/et_pb_image][et_pb_image src=&#8220;https:\/\/vg-initiative.de\/wp-content\/uploads\/2025\/12\/VG-Kulturfruehstueck-Cafe-Carl-Anmeldung.Bestellung.B-pdf.jpg&#8220; _builder_version=&#8220;4.27.0&#8243; _module_preset=&#8220;default&#8220; title_text=&#8220;VG-Kulturfr\u00fchst\u00fcck-Caf\u00e9-Carl-Anmeldung.Bestellung.B&#8220; hover_enabled=&#8220;0&#8243; sticky_enabled=&#8220;0&#8243; custom_margin=&#8220;-104px|||||&#8220;][\/et_pb_image][\/et_pb_column][\/et_pb_row][\/et_pb_section]<\/p>\n","protected":false},"excerpt":{"rendered":"","protected":false},"author":1,"featured_media":5454,"comment_status":"closed","ping_status":"open","sticky":false,"template":"","format":"standard","meta":{"_et_pb_use_builder":"on","_et_pb_old_content":"","_et_gb_content_width":"","footnotes":""},"categories":[1],"tags":[],"class_list":["post-5575","post","type-post","status-publish","format-standard","has-post-thumbnail","hentry","category-allgemein"],"_links":{"self":[{"href":"https:\/\/vg-initiative.de\/index.php?rest_route=\/wp\/v2\/posts\/5575"}],"collection":[{"href":"https:\/\/vg-initiative.de\/index.php?rest_route=\/wp\/v2\/posts"}],"about":[{"href":"https:\/\/vg-initiative.de\/index.php?rest_route=\/wp\/v2\/types\/post"}],"author":[{"embeddable":true,"href":"https:\/\/vg-initiative.de\/index.php?rest_route=\/wp\/v2\/users\/1"}],"replies":[{"embeddable":true,"href":"https:\/\/vg-initiative.de\/index.php?rest_route=%2Fwp%2Fv2%2Fcomments&post=5575"}],"version-history":[{"count":4,"href":"https:\/\/vg-initiative.de\/index.php?rest_route=\/wp\/v2\/posts\/5575\/revisions"}],"predecessor-version":[{"id":5583,"href":"https:\/\/vg-initiative.de\/index.php?rest_route=\/wp\/v2\/posts\/5575\/revisions\/5583"}],"wp:featuredmedia":[{"embeddable":true,"href":"https:\/\/vg-initiative.de\/index.php?rest_route=\/wp\/v2\/media\/5454"}],"wp:attachment":[{"href":"https:\/\/vg-initiative.de\/index.php?rest_route=%2Fwp%2Fv2%2Fmedia&parent=5575"}],"wp:term":[{"taxonomy":"category","embeddable":true,"href":"https:\/\/vg-initiative.de\/index.php?rest_route=%2Fwp%2Fv2%2Fcategories&post=5575"},{"taxonomy":"post_tag","embeddable":true,"href":"https:\/\/vg-initiative.de\/index.php?rest_route=%2Fwp%2Fv2%2Ftags&post=5575"}],"curies":[{"name":"wp","href":"https:\/\/api.w.org\/{rel}","templated":true}]}}